{"id":31819,"date":"2024-03-04T12:55:50","date_gmt":"2024-03-04T12:55:50","guid":{"rendered":"https:\/\/blogdorogeriogomes.com.br\/noticias\/?p=31819"},"modified":"2024-03-04T12:55:50","modified_gmt":"2024-03-04T12:55:50","slug":"governo-federal-inicia-pagamentos-do-programa-pe-de-meia-a-partir-do-dia-26-de-marco","status":"publish","type":"post","link":"https:\/\/blogdorogeriogomes.com.br\/noticias\/2024\/03\/governo-federal-inicia-pagamentos-do-programa-pe-de-meia-a-partir-do-dia-26-de-marco\/","title":{"rendered":"Governo Federal inicia pagamentos do programa &#8220;P\u00e9 de Meia&#8221; a partir do dia 26 de mar\u00e7o"},"content":{"rendered":"\n<p>O ministro da Educa\u00e7\u00e3o, Camilo Santana, anunciou que os primeiros pagamentos do programa P\u00e9 de Meia ter\u00e3o in\u00edcio no dia 26 de mar\u00e7o em todo o Pa\u00eds. O P\u00e9-de-Meia vai dar incentivo mensal de R$ 200 a estudantes vulner\u00e1veis do ensino m\u00e9dio p\u00fablico, que podem ser sacados a qualquer momento, mais dep\u00f3sitos de R$ 1.000 ao final de cada ano conclu\u00eddo, que o estudante s\u00f3 pode retirar da poupan\u00e7a ap\u00f3s se formar no ensino m\u00e9dio. Considerando as dez parcelas de incentivo, os dep\u00f3sitos anuais e, ainda, o adicional de R$ 200 pela participa\u00e7\u00e3o no Enem, os valores chegam a R$ 9.200 por aluno. <\/p>\n\n\n\n<p>Os estudantes n\u00e3o precisam se inscrever para receber a poupan\u00e7a. Os sistemas de ensino e institui\u00e7\u00f5es federais que ofertam ensino m\u00e9dio p\u00fablico devem enviar ao MEC as informa\u00e7\u00f5es sobre matr\u00edculas at\u00e9 o dia 8 de mar\u00e7o, em: gestaopresente.mec.gov.br<\/p>\n\n\n\n<p>Ser\u00e3o beneficiados cerca de 2,5 milh\u00f5es de estudantes de baixa renda, com foco no Cad\u00danico e Bolsa Fam\u00edlia.<\/p>\n\n\n\n<figure class=\"wp-block-image size-full\"><img loading=\"lazy\" decoding=\"async\" width=\"678\" height=\"452\" src=\"https:\/\/blogdorogeriogomes.com.br\/noticias\/wp-content\/uploads\/2024\/03\/images-3.jpeg\" alt=\"\" class=\"wp-image-31820\" srcset=\"https:\/\/blogdorogeriogomes.com.br\/noticias\/wp-content\/uploads\/2024\/03\/images-3.jpeg 678w, https:\/\/blogdorogeriogomes.com.br\/noticias\/wp-content\/uploads\/2024\/03\/images-3-300x200.jpeg 300w\" sizes=\"auto, (max-width: 678px) 100vw, 678px\" \/><\/figure>\n","protected":false},"excerpt":{"rendered":"<p>O ministro da Educa\u00e7\u00e3o, Camilo Santana, anunciou que os primeiros pagamentos do programa P\u00e9 de Meia ter\u00e3o in\u00edcio no dia 26 de mar\u00e7o em todo o Pa\u00eds. O P\u00e9-de-Meia vai dar incentivo mensal de R$ 200 a estudantes vulner\u00e1veis do ensino m\u00e9dio p\u00fablico, que podem ser sacados a qualquer momento, mais dep\u00f3sitos de R$ 1.000 ao final de cada ano conclu\u00eddo, que o estudante s\u00f3 pode retirar da poupan\u00e7a ap\u00f3s se formar no ensino m\u00e9dio. Considerando as dez parcelas&hellip;<\/p>\n","protected":false},"author":1,"featured_media":31820,"comment_status":"open","ping_status":"open","sticky":false,"template":"","format":"standard","meta":{"footnotes":""},"categories":[1],"tags":[],"class_list":["post-31819","post","type-post","status-publish","format-standard","has-post-thumbnail","hentry","category-noticias"],"_links":{"self":[{"href":"https:\/\/blogdorogeriogomes.com.br\/noticias\/wp-json\/wp\/v2\/posts\/31819","targetHints":{"allow":["GET"]}}],"collection":[{"href":"https:\/\/blogdorogeriogomes.com.br\/noticias\/wp-json\/wp\/v2\/posts"}],"about":[{"href":"https:\/\/blogdorogeriogomes.com.br\/noticias\/wp-json\/wp\/v2\/types\/post"}],"author":[{"embeddable":true,"href":"https:\/\/blogdorogeriogomes.com.br\/noticias\/wp-json\/wp\/v2\/users\/1"}],"replies":[{"embeddable":true,"href":"https:\/\/blogdorogeriogomes.com.br\/noticias\/wp-json\/wp\/v2\/comments?post=31819"}],"version-history":[{"count":1,"href":"https:\/\/blogdorogeriogomes.com.br\/noticias\/wp-json\/wp\/v2\/posts\/31819\/revisions"}],"predecessor-version":[{"id":31821,"href":"https:\/\/blogdorogeriogomes.com.br\/noticias\/wp-json\/wp\/v2\/posts\/31819\/revisions\/31821"}],"wp:featuredmedia":[{"embeddable":true,"href":"https:\/\/blogdorogeriogomes.com.br\/noticias\/wp-json\/wp\/v2\/media\/31820"}],"wp:attachment":[{"href":"https:\/\/blogdorogeriogomes.com.br\/noticias\/wp-json\/wp\/v2\/media?parent=31819"}],"wp:term":[{"taxonomy":"category","embeddable":true,"href":"https:\/\/blogdorogeriogomes.com.br\/noticias\/wp-json\/wp\/v2\/categories?post=31819"},{"taxonomy":"post_tag","embeddable":true,"href":"https:\/\/blogdorogeriogomes.com.br\/noticias\/wp-json\/wp\/v2\/tags?post=31819"}],"curies":[{"name":"wp","href":"https:\/\/api.w.org\/{rel}","templated":true}]}}