{"id":31825,"date":"2024-03-04T13:40:24","date_gmt":"2024-03-04T13:40:24","guid":{"rendered":"https:\/\/blogdorogeriogomes.com.br\/noticias\/?p=31825"},"modified":"2024-03-04T13:40:25","modified_gmt":"2024-03-04T13:40:25","slug":"agenda-do-stf-nesta-semana-tera-julgamento-sobre-porte-de-drogas-para-consumo-pessoal-e-processos-que-discutem-direitos-das-mulheres","status":"publish","type":"post","link":"https:\/\/blogdorogeriogomes.com.br\/noticias\/2024\/03\/agenda-do-stf-nesta-semana-tera-julgamento-sobre-porte-de-drogas-para-consumo-pessoal-e-processos-que-discutem-direitos-das-mulheres\/","title":{"rendered":"Agenda do STF nesta semana ter\u00e1 julgamento sobre porte de drogas para consumo pessoal e processos que discutem direitos das mulheres"},"content":{"rendered":"\n<p>O Supremo Tribunal Federal (STF) volta a julgar, na pr\u00f3xima quarta-feira, dia 6 de mar\u00e7o, se \u00e9 crime o porte de drogas para uso pr\u00f3prio. J\u00e1 h\u00e1 maioria entre os ministros no sentido de que \u00e9 preciso estabelecer um crit\u00e9rio para diferenciar o usu\u00e1rio de traficante. Mas ainda n\u00e3o h\u00e1 votos suficientes para definir se \u00e9 poss\u00edvel descriminalizar o porte da maconha.<\/p>\n\n\n\n<p>Este \u00e9 o primeiro item da pauta da sess\u00e3o, que ainda conta com a discuss\u00e3o sobre o uso, em processos criminais, de provas obtidas a partir de buscas pessoais que foram feitas tendo como motivo a cor da pele do suspeito.<\/p>\n\n\n\n<p>Na quinta-feira, dia 7 de mar\u00e7o, que \u00e9 v\u00e9spera do Dia Internacional da Mulher, a previs\u00e3o \u00e9 de uma pauta dedicada a processos com repercuss\u00e3o nos direitos das mulheres.<\/p>\n\n\n\n<figure class=\"wp-block-image size-full\"><img loading=\"lazy\" decoding=\"async\" width=\"675\" height=\"450\" src=\"https:\/\/blogdorogeriogomes.com.br\/noticias\/wp-content\/uploads\/2024\/03\/images-5.jpeg\" alt=\"\" class=\"wp-image-31826\" srcset=\"https:\/\/blogdorogeriogomes.com.br\/noticias\/wp-content\/uploads\/2024\/03\/images-5.jpeg 675w, https:\/\/blogdorogeriogomes.com.br\/noticias\/wp-content\/uploads\/2024\/03\/images-5-300x200.jpeg 300w\" sizes=\"auto, (max-width: 675px) 100vw, 675px\" \/><\/figure>\n","protected":false},"excerpt":{"rendered":"<p>O Supremo Tribunal Federal (STF) volta a julgar, na pr\u00f3xima quarta-feira, dia 6 de mar\u00e7o, se \u00e9 crime o porte de drogas para uso pr\u00f3prio. J\u00e1 h\u00e1 maioria entre os ministros no sentido de que \u00e9 preciso estabelecer um crit\u00e9rio para diferenciar o usu\u00e1rio de traficante. Mas ainda n\u00e3o h\u00e1 votos suficientes para definir se \u00e9 poss\u00edvel descriminalizar o porte da maconha. Este \u00e9 o primeiro item da pauta da sess\u00e3o, que ainda conta com a discuss\u00e3o sobre o&hellip;<\/p>\n","protected":false},"author":1,"featured_media":31826,"comment_status":"open","ping_status":"open","sticky":false,"template":"","format":"standard","meta":{"footnotes":""},"categories":[1],"tags":[],"class_list":["post-31825","post","type-post","status-publish","format-standard","has-post-thumbnail","hentry","category-noticias"],"_links":{"self":[{"href":"https:\/\/blogdorogeriogomes.com.br\/noticias\/wp-json\/wp\/v2\/posts\/31825","targetHints":{"allow":["GET"]}}],"collection":[{"href":"https:\/\/blogdorogeriogomes.com.br\/noticias\/wp-json\/wp\/v2\/posts"}],"about":[{"href":"https:\/\/blogdorogeriogomes.com.br\/noticias\/wp-json\/wp\/v2\/types\/post"}],"author":[{"embeddable":true,"href":"https:\/\/blogdorogeriogomes.com.br\/noticias\/wp-json\/wp\/v2\/users\/1"}],"replies":[{"embeddable":true,"href":"https:\/\/blogdorogeriogomes.com.br\/noticias\/wp-json\/wp\/v2\/comments?post=31825"}],"version-history":[{"count":1,"href":"https:\/\/blogdorogeriogomes.com.br\/noticias\/wp-json\/wp\/v2\/posts\/31825\/revisions"}],"predecessor-version":[{"id":31827,"href":"https:\/\/blogdorogeriogomes.com.br\/noticias\/wp-json\/wp\/v2\/posts\/31825\/revisions\/31827"}],"wp:featuredmedia":[{"embeddable":true,"href":"https:\/\/blogdorogeriogomes.com.br\/noticias\/wp-json\/wp\/v2\/media\/31826"}],"wp:attachment":[{"href":"https:\/\/blogdorogeriogomes.com.br\/noticias\/wp-json\/wp\/v2\/media?parent=31825"}],"wp:term":[{"taxonomy":"category","embeddable":true,"href":"https:\/\/blogdorogeriogomes.com.br\/noticias\/wp-json\/wp\/v2\/categories?post=31825"},{"taxonomy":"post_tag","embeddable":true,"href":"https:\/\/blogdorogeriogomes.com.br\/noticias\/wp-json\/wp\/v2\/tags?post=31825"}],"curies":[{"name":"wp","href":"https:\/\/api.w.org\/{rel}","templated":true}]}}