{"id":31831,"date":"2024-03-04T19:09:54","date_gmt":"2024-03-04T19:09:54","guid":{"rendered":"https:\/\/blogdorogeriogomes.com.br\/noticias\/?p=31831"},"modified":"2024-03-04T19:09:54","modified_gmt":"2024-03-04T19:09:54","slug":"suprema-corte-dos-estados-unidos-decide-que-donald-trump-pode-disputar-eleicoes","status":"publish","type":"post","link":"https:\/\/blogdorogeriogomes.com.br\/noticias\/2024\/03\/suprema-corte-dos-estados-unidos-decide-que-donald-trump-pode-disputar-eleicoes\/","title":{"rendered":"Suprema Corte dos Estados Unidos decide que Donald Trump pode disputar elei\u00e7\u00f5es"},"content":{"rendered":"\n<p>A Suprema Corte dos Estados Unidos decidiu nesta segunda-feira, dia 4 de mar\u00e7o, que o ex-presidente Donald Trump pode disputar as elei\u00e7\u00f5es presidenciais, que acontecem em novembro. Trump faz campanha para recuperar a presid\u00eancia, revertendo uma decis\u00e3o judicial que o havia exclu\u00eddo da c\u00e9dula do Colorado sob uma disposi\u00e7\u00e3o constitucional envolvendo insurrei\u00e7\u00e3o por incitar e apoiar o ataque ao Capit\u00f3lio em 6 de janeiro de 2021.<\/p>\n\n\n\n<p>A senten\u00e7a da Suprema Corte reverte uma decis\u00e3o espec\u00edfica do estado do Colorado, mas valer\u00e1 para qualquer outro estado que conteste a presen\u00e7a de Trump na urna e, consequentemente, para todo o pa\u00eds. Na pr\u00e1tica, n\u00e3o h\u00e1 mais chance de que o ex-presidente fique de fora da corrida eleitoral.<\/p>\n\n\n\n<p>Donald Trump \u00e9 o favorito \u00e0 indica\u00e7\u00e3o republicana para desafiar o presidente democrata Joe Biden na elei\u00e7\u00e3o dos EUA em 5 de novembro. Sua \u00fanica rival restante para a indica\u00e7\u00e3o de seu partido \u00e9 a ex-governadora da Carolina do Sul, Nikki Haley.<\/p>\n\n\n\n<figure class=\"wp-block-image size-full\"><img loading=\"lazy\" decoding=\"async\" width=\"500\" height=\"240\" src=\"https:\/\/blogdorogeriogomes.com.br\/noticias\/wp-content\/uploads\/2024\/03\/20240303120344_1ebe1d0ce62a9398a47e939f7558489e36f4523acb7866118ae9abb090a7e227.webp\" alt=\"\" class=\"wp-image-31832\" srcset=\"https:\/\/blogdorogeriogomes.com.br\/noticias\/wp-content\/uploads\/2024\/03\/20240303120344_1ebe1d0ce62a9398a47e939f7558489e36f4523acb7866118ae9abb090a7e227.webp 500w, https:\/\/blogdorogeriogomes.com.br\/noticias\/wp-content\/uploads\/2024\/03\/20240303120344_1ebe1d0ce62a9398a47e939f7558489e36f4523acb7866118ae9abb090a7e227-300x144.webp 300w\" sizes=\"auto, (max-width: 500px) 100vw, 500px\" \/><\/figure>\n","protected":false},"excerpt":{"rendered":"<p>A Suprema Corte dos Estados Unidos decidiu nesta segunda-feira, dia 4 de mar\u00e7o, que o ex-presidente Donald Trump pode disputar as elei\u00e7\u00f5es presidenciais, que acontecem em novembro. Trump faz campanha para recuperar a presid\u00eancia, revertendo uma decis\u00e3o judicial que o havia exclu\u00eddo da c\u00e9dula do Colorado sob uma disposi\u00e7\u00e3o constitucional envolvendo insurrei\u00e7\u00e3o por incitar e apoiar o ataque ao Capit\u00f3lio em 6 de janeiro de 2021. A senten\u00e7a da Suprema Corte reverte uma decis\u00e3o espec\u00edfica do estado do Colorado,&hellip;<\/p>\n","protected":false},"author":1,"featured_media":31832,"comment_status":"open","ping_status":"open","sticky":false,"template":"","format":"standard","meta":{"footnotes":""},"categories":[1],"tags":[],"class_list":["post-31831","post","type-post","status-publish","format-standard","has-post-thumbnail","hentry","category-noticias"],"_links":{"self":[{"href":"https:\/\/blogdorogeriogomes.com.br\/noticias\/wp-json\/wp\/v2\/posts\/31831","targetHints":{"allow":["GET"]}}],"collection":[{"href":"https:\/\/blogdorogeriogomes.com.br\/noticias\/wp-json\/wp\/v2\/posts"}],"about":[{"href":"https:\/\/blogdorogeriogomes.com.br\/noticias\/wp-json\/wp\/v2\/types\/post"}],"author":[{"embeddable":true,"href":"https:\/\/blogdorogeriogomes.com.br\/noticias\/wp-json\/wp\/v2\/users\/1"}],"replies":[{"embeddable":true,"href":"https:\/\/blogdorogeriogomes.com.br\/noticias\/wp-json\/wp\/v2\/comments?post=31831"}],"version-history":[{"count":1,"href":"https:\/\/blogdorogeriogomes.com.br\/noticias\/wp-json\/wp\/v2\/posts\/31831\/revisions"}],"predecessor-version":[{"id":31833,"href":"https:\/\/blogdorogeriogomes.com.br\/noticias\/wp-json\/wp\/v2\/posts\/31831\/revisions\/31833"}],"wp:featuredmedia":[{"embeddable":true,"href":"https:\/\/blogdorogeriogomes.com.br\/noticias\/wp-json\/wp\/v2\/media\/31832"}],"wp:attachment":[{"href":"https:\/\/blogdorogeriogomes.com.br\/noticias\/wp-json\/wp\/v2\/media?parent=31831"}],"wp:term":[{"taxonomy":"category","embeddable":true,"href":"https:\/\/blogdorogeriogomes.com.br\/noticias\/wp-json\/wp\/v2\/categories?post=31831"},{"taxonomy":"post_tag","embeddable":true,"href":"https:\/\/blogdorogeriogomes.com.br\/noticias\/wp-json\/wp\/v2\/tags?post=31831"}],"curies":[{"name":"wp","href":"https:\/\/api.w.org\/{rel}","templated":true}]}}