{"id":31837,"date":"2024-03-05T11:39:48","date_gmt":"2024-03-05T11:39:48","guid":{"rendered":"https:\/\/blogdorogeriogomes.com.br\/noticias\/?p=31837"},"modified":"2024-03-05T11:39:49","modified_gmt":"2024-03-05T11:39:49","slug":"lula-assina-projeto-que-regula-atividade-de-motoristas-de-aplicativo","status":"publish","type":"post","link":"https:\/\/blogdorogeriogomes.com.br\/noticias\/2024\/03\/lula-assina-projeto-que-regula-atividade-de-motoristas-de-aplicativo\/","title":{"rendered":"Lula assina projeto que regula atividade de motoristas de aplicativo"},"content":{"rendered":"\n<p>O presidente Luiz In\u00e1cio Lula da Silva assinou nesta segunda-feira (4) a proposta de projeto de lei que regulamenta o trabalho de motorista de aplicativo. O texto do projeto de lei complementar ser\u00e1 enviado para vota\u00e7\u00e3o no Congresso Nacional. Caso seja aprovada pelos parlamentares, passar\u00e1 a valer ap\u00f3s 90 dias.<img decoding=\"async\" src=\"https:\/\/agenciabrasil.ebc.com.br\/ebc.png?id=1584031&amp;o=node\"><img decoding=\"async\" src=\"https:\/\/agenciabrasil.ebc.com.br\/ebc.gif?id=1584031&amp;o=node\"><\/p>\n\n\n\n<p>No projeto, o governo prop\u00f5e o valor que deve ser pago por hora trabalhada e contribui\u00e7\u00e3o ao Instituto Nacional do Seguro Social (INSS). Eles ter\u00e3o direito a receber R$ 32,90 por hora de trabalho. Desta forma, a renda m\u00ednima ser\u00e1 de R$ 1.412.<\/p>\n\n\n\n<p>A proposta de projeto de lei \u00e9 resultado de grupo de trabalho, criado em maio de 2023, com a participa\u00e7\u00e3o de representantes do governo federal, trabalhadores e empresas, e que foi acompanhado pela Organiza\u00e7\u00e3o Internacional do Trabalho (OIT) e do Minist\u00e9rio P\u00fablico do Trabalho (MPT).<\/p>\n\n\n\n<figure class=\"wp-block-image size-large\"><img loading=\"lazy\" decoding=\"async\" width=\"1024\" height=\"622\" src=\"https:\/\/blogdorogeriogomes.com.br\/noticias\/wp-content\/uploads\/2024\/03\/IMG-20240305-WA0028-1024x622.jpg\" alt=\"\" class=\"wp-image-31838\" srcset=\"https:\/\/blogdorogeriogomes.com.br\/noticias\/wp-content\/uploads\/2024\/03\/IMG-20240305-WA0028-1024x622.jpg 1024w, https:\/\/blogdorogeriogomes.com.br\/noticias\/wp-content\/uploads\/2024\/03\/IMG-20240305-WA0028-300x182.jpg 300w, https:\/\/blogdorogeriogomes.com.br\/noticias\/wp-content\/uploads\/2024\/03\/IMG-20240305-WA0028-768x466.jpg 768w, https:\/\/blogdorogeriogomes.com.br\/noticias\/wp-content\/uploads\/2024\/03\/IMG-20240305-WA0028-800x486.jpg 800w, https:\/\/blogdorogeriogomes.com.br\/noticias\/wp-content\/uploads\/2024\/03\/IMG-20240305-WA0028-776x470.jpg 776w, https:\/\/blogdorogeriogomes.com.br\/noticias\/wp-content\/uploads\/2024\/03\/IMG-20240305-WA0028.jpg 1080w\" sizes=\"auto, (max-width: 1024px) 100vw, 1024px\" \/><\/figure>\n","protected":false},"excerpt":{"rendered":"<p>O presidente Luiz In\u00e1cio Lula da Silva assinou nesta segunda-feira (4) a proposta de projeto de lei que regulamenta o trabalho de motorista de aplicativo. O texto do projeto de lei complementar ser\u00e1 enviado para vota\u00e7\u00e3o no Congresso Nacional. Caso seja aprovada pelos parlamentares, passar\u00e1 a valer ap\u00f3s 90 dias. No projeto, o governo prop\u00f5e o valor que deve ser pago por hora trabalhada e contribui\u00e7\u00e3o ao Instituto Nacional do Seguro Social (INSS). Eles ter\u00e3o direito a receber R$&hellip;<\/p>\n","protected":false},"author":1,"featured_media":31838,"comment_status":"open","ping_status":"open","sticky":false,"template":"","format":"standard","meta":{"footnotes":""},"categories":[1],"tags":[],"class_list":["post-31837","post","type-post","status-publish","format-standard","has-post-thumbnail","hentry","category-noticias"],"_links":{"self":[{"href":"https:\/\/blogdorogeriogomes.com.br\/noticias\/wp-json\/wp\/v2\/posts\/31837","targetHints":{"allow":["GET"]}}],"collection":[{"href":"https:\/\/blogdorogeriogomes.com.br\/noticias\/wp-json\/wp\/v2\/posts"}],"about":[{"href":"https:\/\/blogdorogeriogomes.com.br\/noticias\/wp-json\/wp\/v2\/types\/post"}],"author":[{"embeddable":true,"href":"https:\/\/blogdorogeriogomes.com.br\/noticias\/wp-json\/wp\/v2\/users\/1"}],"replies":[{"embeddable":true,"href":"https:\/\/blogdorogeriogomes.com.br\/noticias\/wp-json\/wp\/v2\/comments?post=31837"}],"version-history":[{"count":1,"href":"https:\/\/blogdorogeriogomes.com.br\/noticias\/wp-json\/wp\/v2\/posts\/31837\/revisions"}],"predecessor-version":[{"id":31839,"href":"https:\/\/blogdorogeriogomes.com.br\/noticias\/wp-json\/wp\/v2\/posts\/31837\/revisions\/31839"}],"wp:featuredmedia":[{"embeddable":true,"href":"https:\/\/blogdorogeriogomes.com.br\/noticias\/wp-json\/wp\/v2\/media\/31838"}],"wp:attachment":[{"href":"https:\/\/blogdorogeriogomes.com.br\/noticias\/wp-json\/wp\/v2\/media?parent=31837"}],"wp:term":[{"taxonomy":"category","embeddable":true,"href":"https:\/\/blogdorogeriogomes.com.br\/noticias\/wp-json\/wp\/v2\/categories?post=31837"},{"taxonomy":"post_tag","embeddable":true,"href":"https:\/\/blogdorogeriogomes.com.br\/noticias\/wp-json\/wp\/v2\/tags?post=31837"}],"curies":[{"name":"wp","href":"https:\/\/api.w.org\/{rel}","templated":true}]}}