{"id":31845,"date":"2024-03-05T14:26:38","date_gmt":"2024-03-05T14:26:38","guid":{"rendered":"https:\/\/blogdorogeriogomes.com.br\/noticias\/?p=31845"},"modified":"2024-03-05T14:26:39","modified_gmt":"2024-03-05T14:26:39","slug":"elmano-de-freitas-participa-de-lancamento-do-programa-seguranca-no-ponto-nesta-quarta-feira-em-fortaleza","status":"publish","type":"post","link":"https:\/\/blogdorogeriogomes.com.br\/noticias\/2024\/03\/elmano-de-freitas-participa-de-lancamento-do-programa-seguranca-no-ponto-nesta-quarta-feira-em-fortaleza\/","title":{"rendered":"Elmano de Freitas participa de lan\u00e7amento do Programa Seguran\u00e7a no Ponto nesta quarta-feira em Fortaleza"},"content":{"rendered":"\n<p>Depois de uma semana de exames em S\u00e3o Paulo, em tratamento de um quadro de pneumonia, o governador Elmano de Freitas retomou os compromissos p\u00fablicos e participa, nesta quarta-feira, dia 6 de mar\u00e7o, do lan\u00e7amento do Programa Seguran\u00e7a no Ponto, com a finalidade de reduzir roubos e outros crimes nas paradas de \u00f4nibus de Fortaleza. A solenidade ocorrer\u00e1 no Centro Integrado de Seguran\u00e7a P\u00fablica, em Fortaleza.<\/p>\n\n\n\n<p>O programa ser\u00e1 desencadeado por meio da Secretaria da Seguran\u00e7a P\u00fablica e Defesa Social (SSPDS) e da Pol\u00edcia Militar do Cear\u00e1 (PMCE). A a\u00e7\u00e3o consiste no refor\u00e7o policial nos per\u00edodos de maior movimenta\u00e7\u00e3o nesses espa\u00e7os p\u00fablicos com o emprego de ciclopatrulhamento, motopatrulhamento e policiamento em viaturas. Os locais definidos para receber o refor\u00e7o foram definidos de acordo com as estat\u00edsticas apresentadas pela Superintend\u00eancia de Pesquisa e Estrat\u00e9gia de Seguran\u00e7a P\u00fablica (Supesp).<\/p>\n\n\n\n<figure class=\"wp-block-image size-large\"><img loading=\"lazy\" decoding=\"async\" width=\"1024\" height=\"684\" src=\"https:\/\/blogdorogeriogomes.com.br\/noticias\/wp-content\/uploads\/2024\/03\/original_0e939bed-6141-4596-98f9-3bc33448d2c5__CGM6080_3-1200x802-1-1024x684.jpg\" alt=\"\" class=\"wp-image-31846\" srcset=\"https:\/\/blogdorogeriogomes.com.br\/noticias\/wp-content\/uploads\/2024\/03\/original_0e939bed-6141-4596-98f9-3bc33448d2c5__CGM6080_3-1200x802-1-1024x684.jpg 1024w, https:\/\/blogdorogeriogomes.com.br\/noticias\/wp-content\/uploads\/2024\/03\/original_0e939bed-6141-4596-98f9-3bc33448d2c5__CGM6080_3-1200x802-1-300x201.jpg 300w, https:\/\/blogdorogeriogomes.com.br\/noticias\/wp-content\/uploads\/2024\/03\/original_0e939bed-6141-4596-98f9-3bc33448d2c5__CGM6080_3-1200x802-1-768x513.jpg 768w, https:\/\/blogdorogeriogomes.com.br\/noticias\/wp-content\/uploads\/2024\/03\/original_0e939bed-6141-4596-98f9-3bc33448d2c5__CGM6080_3-1200x802-1-800x535.jpg 800w, https:\/\/blogdorogeriogomes.com.br\/noticias\/wp-content\/uploads\/2024\/03\/original_0e939bed-6141-4596-98f9-3bc33448d2c5__CGM6080_3-1200x802-1.jpg 1200w\" sizes=\"auto, (max-width: 1024px) 100vw, 1024px\" \/><\/figure>\n\n\n\n<p><\/p>\n\n\n\n<p><\/p>\n","protected":false},"excerpt":{"rendered":"<p>Depois de uma semana de exames em S\u00e3o Paulo, em tratamento de um quadro de pneumonia, o governador Elmano de Freitas retomou os compromissos p\u00fablicos e participa, nesta quarta-feira, dia 6 de mar\u00e7o, do lan\u00e7amento do Programa Seguran\u00e7a no Ponto, com a finalidade de reduzir roubos e outros crimes nas paradas de \u00f4nibus de Fortaleza. A solenidade ocorrer\u00e1 no Centro Integrado de Seguran\u00e7a P\u00fablica, em Fortaleza. O programa ser\u00e1 desencadeado por meio da Secretaria da Seguran\u00e7a P\u00fablica e Defesa&hellip;<\/p>\n","protected":false},"author":1,"featured_media":31846,"comment_status":"open","ping_status":"open","sticky":false,"template":"","format":"standard","meta":{"footnotes":""},"categories":[1],"tags":[],"class_list":["post-31845","post","type-post","status-publish","format-standard","has-post-thumbnail","hentry","category-noticias"],"_links":{"self":[{"href":"https:\/\/blogdorogeriogomes.com.br\/noticias\/wp-json\/wp\/v2\/posts\/31845","targetHints":{"allow":["GET"]}}],"collection":[{"href":"https:\/\/blogdorogeriogomes.com.br\/noticias\/wp-json\/wp\/v2\/posts"}],"about":[{"href":"https:\/\/blogdorogeriogomes.com.br\/noticias\/wp-json\/wp\/v2\/types\/post"}],"author":[{"embeddable":true,"href":"https:\/\/blogdorogeriogomes.com.br\/noticias\/wp-json\/wp\/v2\/users\/1"}],"replies":[{"embeddable":true,"href":"https:\/\/blogdorogeriogomes.com.br\/noticias\/wp-json\/wp\/v2\/comments?post=31845"}],"version-history":[{"count":1,"href":"https:\/\/blogdorogeriogomes.com.br\/noticias\/wp-json\/wp\/v2\/posts\/31845\/revisions"}],"predecessor-version":[{"id":31847,"href":"https:\/\/blogdorogeriogomes.com.br\/noticias\/wp-json\/wp\/v2\/posts\/31845\/revisions\/31847"}],"wp:featuredmedia":[{"embeddable":true,"href":"https:\/\/blogdorogeriogomes.com.br\/noticias\/wp-json\/wp\/v2\/media\/31846"}],"wp:attachment":[{"href":"https:\/\/blogdorogeriogomes.com.br\/noticias\/wp-json\/wp\/v2\/media?parent=31845"}],"wp:term":[{"taxonomy":"category","embeddable":true,"href":"https:\/\/blogdorogeriogomes.com.br\/noticias\/wp-json\/wp\/v2\/categories?post=31845"},{"taxonomy":"post_tag","embeddable":true,"href":"https:\/\/blogdorogeriogomes.com.br\/noticias\/wp-json\/wp\/v2\/tags?post=31845"}],"curies":[{"name":"wp","href":"https:\/\/api.w.org\/{rel}","templated":true}]}}