{"id":31860,"date":"2024-03-07T11:12:26","date_gmt":"2024-03-07T11:12:26","guid":{"rendered":"https:\/\/blogdorogeriogomes.com.br\/noticias\/?p=31860"},"modified":"2024-03-07T11:13:13","modified_gmt":"2024-03-07T11:13:13","slug":"pagamento-da-terceira-parcela-dos-precatorios-do-fundef-a-50-mil-professores-sera-depositado-em-abril","status":"publish","type":"post","link":"https:\/\/blogdorogeriogomes.com.br\/noticias\/2024\/03\/pagamento-da-terceira-parcela-dos-precatorios-do-fundef-a-50-mil-professores-sera-depositado-em-abril\/","title":{"rendered":"Pagamento da terceira parcela dos precat\u00f3rios do Fundef a 50 mil professores ser\u00e1 depositado em abril"},"content":{"rendered":"\n<p>A terceira parcela dos precat\u00f3rios do Fundo de Manuten\u00e7\u00e3o e Desenvolvimento do Ensino Fundamental e de Valoriza\u00e7\u00e3o do Magist\u00e9rio (Fundef) ser\u00e1 inclu\u00edda na pr\u00f3xima folha de pagamento, com dep\u00f3sito em abril. Os valores poder\u00e3o ser conferidos pelos profissionais a partir desta sexta-feira, dia 8 de mar\u00e7o, mas pagamento ser\u00e1 efetivado no pr\u00f3ximo m\u00eas.<\/p>\n\n\n\n<p>Ser\u00e3o distribu\u00eddos aos mais de 50 mil profissionais que comp\u00f5em o rateio cerca de R$ 629 milh\u00f5es e 200 mil reais. Deste total, R$ 614,2 milh\u00f5es s\u00e3o referentes ao dep\u00f3sito judicial da terceira parcela e, o restante, de R$ 15 milh\u00f5es, s\u00e3o juros relativos \u00e0s partes anteriores do pagamento.<\/p>\n\n\n\n<p>Do montante recebido pelo Governo do Cear\u00e1, 60% ser\u00e3o repassados aos professores, sem incid\u00eancia de Imposto de Renda e com corre\u00e7\u00e3o por juros de mora. J\u00e1 os outros 40% ser\u00e3o destinados ao Tesouro Estadual para viabilizar a\u00e7\u00f5es de melhoria da educa\u00e7\u00e3o, como a amplia\u00e7\u00e3o do ensino em tempo integral. <\/p>\n\n\n\n<figure class=\"wp-block-image size-full\"><img loading=\"lazy\" decoding=\"async\" width=\"480\" height=\"269\" src=\"https:\/\/blogdorogeriogomes.com.br\/noticias\/wp-content\/uploads\/2024\/03\/WhatsApp-Image-2024-03-06-at-17.45.38.jpeg\" alt=\"\" class=\"wp-image-31861\" srcset=\"https:\/\/blogdorogeriogomes.com.br\/noticias\/wp-content\/uploads\/2024\/03\/WhatsApp-Image-2024-03-06-at-17.45.38.jpeg 480w, https:\/\/blogdorogeriogomes.com.br\/noticias\/wp-content\/uploads\/2024\/03\/WhatsApp-Image-2024-03-06-at-17.45.38-300x168.jpeg 300w\" sizes=\"auto, (max-width: 480px) 100vw, 480px\" \/><\/figure>\n","protected":false},"excerpt":{"rendered":"<p>A terceira parcela dos precat\u00f3rios do Fundo de Manuten\u00e7\u00e3o e Desenvolvimento do Ensino Fundamental e de Valoriza\u00e7\u00e3o do Magist\u00e9rio (Fundef) ser\u00e1 inclu\u00edda na pr\u00f3xima folha de pagamento, com dep\u00f3sito em abril. Os valores poder\u00e3o ser conferidos pelos profissionais a partir desta sexta-feira, dia 8 de mar\u00e7o, mas pagamento ser\u00e1 efetivado no pr\u00f3ximo m\u00eas. Ser\u00e3o distribu\u00eddos aos mais de 50 mil profissionais que comp\u00f5em o rateio cerca de R$ 629 milh\u00f5es e 200 mil reais. Deste total, R$ 614,2 milh\u00f5es&hellip;<\/p>\n","protected":false},"author":1,"featured_media":31861,"comment_status":"open","ping_status":"open","sticky":false,"template":"","format":"standard","meta":{"footnotes":""},"categories":[1],"tags":[],"class_list":["post-31860","post","type-post","status-publish","format-standard","has-post-thumbnail","hentry","category-noticias"],"_links":{"self":[{"href":"https:\/\/blogdorogeriogomes.com.br\/noticias\/wp-json\/wp\/v2\/posts\/31860","targetHints":{"allow":["GET"]}}],"collection":[{"href":"https:\/\/blogdorogeriogomes.com.br\/noticias\/wp-json\/wp\/v2\/posts"}],"about":[{"href":"https:\/\/blogdorogeriogomes.com.br\/noticias\/wp-json\/wp\/v2\/types\/post"}],"author":[{"embeddable":true,"href":"https:\/\/blogdorogeriogomes.com.br\/noticias\/wp-json\/wp\/v2\/users\/1"}],"replies":[{"embeddable":true,"href":"https:\/\/blogdorogeriogomes.com.br\/noticias\/wp-json\/wp\/v2\/comments?post=31860"}],"version-history":[{"count":1,"href":"https:\/\/blogdorogeriogomes.com.br\/noticias\/wp-json\/wp\/v2\/posts\/31860\/revisions"}],"predecessor-version":[{"id":31862,"href":"https:\/\/blogdorogeriogomes.com.br\/noticias\/wp-json\/wp\/v2\/posts\/31860\/revisions\/31862"}],"wp:featuredmedia":[{"embeddable":true,"href":"https:\/\/blogdorogeriogomes.com.br\/noticias\/wp-json\/wp\/v2\/media\/31861"}],"wp:attachment":[{"href":"https:\/\/blogdorogeriogomes.com.br\/noticias\/wp-json\/wp\/v2\/media?parent=31860"}],"wp:term":[{"taxonomy":"category","embeddable":true,"href":"https:\/\/blogdorogeriogomes.com.br\/noticias\/wp-json\/wp\/v2\/categories?post=31860"},{"taxonomy":"post_tag","embeddable":true,"href":"https:\/\/blogdorogeriogomes.com.br\/noticias\/wp-json\/wp\/v2\/tags?post=31860"}],"curies":[{"name":"wp","href":"https:\/\/api.w.org\/{rel}","templated":true}]}}