{"id":31863,"date":"2024-03-07T11:27:00","date_gmt":"2024-03-07T11:27:00","guid":{"rendered":"https:\/\/blogdorogeriogomes.com.br\/noticias\/?p=31863"},"modified":"2024-03-07T11:27:00","modified_gmt":"2024-03-07T11:27:00","slug":"em-busca-de-apoios-capitao-wagner-expressa-desejo-de-contar-com-grupo-de-jose-sarto-em-eventual-2-turno-em-fortaleza","status":"publish","type":"post","link":"https:\/\/blogdorogeriogomes.com.br\/noticias\/2024\/03\/em-busca-de-apoios-capitao-wagner-expressa-desejo-de-contar-com-grupo-de-jose-sarto-em-eventual-2-turno-em-fortaleza\/","title":{"rendered":"Em busca de apoios, Capit\u00e3o Wagner expressa desejo de contar com grupo de Jos\u00e9 Sarto em eventual 2\u00b0 turno em Fortaleza"},"content":{"rendered":"\n<p>Ap\u00f3s visitas recentes \u00e0 C\u00e2mara Municipal de Fortaleza e \u00e0 Assembleia Legislativa, o pr\u00e9-candidato \u00e0 Prefeitura de Fortaleza, Capit\u00e3o Wagner (Uni\u00e3o), expressou o desejo de contar com o apoio do grupo do atual prefeito de Fortaleza, Jos\u00e9 Sarto (PDT), em um eventual 2\u00b0 turno nas elei\u00e7\u00f5es municipais deste ano. Wagner acredita que estar\u00e1 no 2\u00b0 turno contra uma candidatura apoiada pelo grupo do senador Camilo Santana (PT) e do governador Elmano de Freitas (PT), que poder\u00e1 ser o atual presidente da Assembleia Legislativa, Evandro Leit\u00e3o (PT).<\/p>\n\n\n\n<p>Mas Capit\u00e3o Wagner tamb\u00e9m n\u00e3o descarta dar apoio a Jos\u00e9 Sarto, caso seja ele que esteja no 2\u00b0 turno contra algum candidato apoiado pelo Governo Estadual. &#8220;N\u00e3o s\u00f3 com a base de apoio do Sarto, mas tamb\u00e9m com a base de apoio do PL, do Novo. Mas pra isso eu tenho que t\u00e1 l\u00e1, se eu disser que j\u00e1 tenho isso acertado pode soar como arrogante, at\u00e9 porque eu n\u00e3o sei se vou t\u00e1 l\u00e1&#8221;, destacou Wagner, que atualmente aparece como l\u00edder nas pesquisas.<\/p>\n\n\n\n<p>Capit\u00e3o Wagner deixou recentemente a Secretaria de Sa\u00fade de Maracana\u00fa, que tem como prefeito Roberto Pessoa, para se dedicar \u00e0 campanha eleitoral em Fortaleza.<br><\/p>\n\n\n\n<figure class=\"wp-block-image size-full\"><img loading=\"lazy\" decoding=\"async\" width=\"720\" height=\"426\" src=\"https:\/\/blogdorogeriogomes.com.br\/noticias\/wp-content\/uploads\/2024\/03\/images-10.jpeg\" alt=\"\" class=\"wp-image-31864\" srcset=\"https:\/\/blogdorogeriogomes.com.br\/noticias\/wp-content\/uploads\/2024\/03\/images-10.jpeg 720w, https:\/\/blogdorogeriogomes.com.br\/noticias\/wp-content\/uploads\/2024\/03\/images-10-300x178.jpeg 300w\" sizes=\"auto, (max-width: 720px) 100vw, 720px\" \/><\/figure>\n\n\n\n<p><br><\/p>\n","protected":false},"excerpt":{"rendered":"<p>Ap\u00f3s visitas recentes \u00e0 C\u00e2mara Municipal de Fortaleza e \u00e0 Assembleia Legislativa, o pr\u00e9-candidato \u00e0 Prefeitura de Fortaleza, Capit\u00e3o Wagner (Uni\u00e3o), expressou o desejo de contar com o apoio do grupo do atual prefeito de Fortaleza, Jos\u00e9 Sarto (PDT), em um eventual 2\u00b0 turno nas elei\u00e7\u00f5es municipais deste ano. Wagner acredita que estar\u00e1 no 2\u00b0 turno contra uma candidatura apoiada pelo grupo do senador Camilo Santana (PT) e do governador Elmano de Freitas (PT), que poder\u00e1 ser o atual&hellip;<\/p>\n","protected":false},"author":1,"featured_media":31864,"comment_status":"open","ping_status":"open","sticky":false,"template":"","format":"standard","meta":{"footnotes":""},"categories":[1],"tags":[],"class_list":["post-31863","post","type-post","status-publish","format-standard","has-post-thumbnail","hentry","category-noticias"],"_links":{"self":[{"href":"https:\/\/blogdorogeriogomes.com.br\/noticias\/wp-json\/wp\/v2\/posts\/31863","targetHints":{"allow":["GET"]}}],"collection":[{"href":"https:\/\/blogdorogeriogomes.com.br\/noticias\/wp-json\/wp\/v2\/posts"}],"about":[{"href":"https:\/\/blogdorogeriogomes.com.br\/noticias\/wp-json\/wp\/v2\/types\/post"}],"author":[{"embeddable":true,"href":"https:\/\/blogdorogeriogomes.com.br\/noticias\/wp-json\/wp\/v2\/users\/1"}],"replies":[{"embeddable":true,"href":"https:\/\/blogdorogeriogomes.com.br\/noticias\/wp-json\/wp\/v2\/comments?post=31863"}],"version-history":[{"count":1,"href":"https:\/\/blogdorogeriogomes.com.br\/noticias\/wp-json\/wp\/v2\/posts\/31863\/revisions"}],"predecessor-version":[{"id":31865,"href":"https:\/\/blogdorogeriogomes.com.br\/noticias\/wp-json\/wp\/v2\/posts\/31863\/revisions\/31865"}],"wp:featuredmedia":[{"embeddable":true,"href":"https:\/\/blogdorogeriogomes.com.br\/noticias\/wp-json\/wp\/v2\/media\/31864"}],"wp:attachment":[{"href":"https:\/\/blogdorogeriogomes.com.br\/noticias\/wp-json\/wp\/v2\/media?parent=31863"}],"wp:term":[{"taxonomy":"category","embeddable":true,"href":"https:\/\/blogdorogeriogomes.com.br\/noticias\/wp-json\/wp\/v2\/categories?post=31863"},{"taxonomy":"post_tag","embeddable":true,"href":"https:\/\/blogdorogeriogomes.com.br\/noticias\/wp-json\/wp\/v2\/tags?post=31863"}],"curies":[{"name":"wp","href":"https:\/\/api.w.org\/{rel}","templated":true}]}}