{"id":31869,"date":"2024-03-07T11:54:05","date_gmt":"2024-03-07T11:54:05","guid":{"rendered":"https:\/\/blogdorogeriogomes.com.br\/noticias\/?p=31869"},"modified":"2024-03-07T11:54:06","modified_gmt":"2024-03-07T11:54:06","slug":"zema-se-reune-com-lula-em-brasilia-para-discutir-divida-de-minas-gerais-com-a-uniao-acreditamos-na-democracia","status":"publish","type":"post","link":"https:\/\/blogdorogeriogomes.com.br\/noticias\/2024\/03\/zema-se-reune-com-lula-em-brasilia-para-discutir-divida-de-minas-gerais-com-a-uniao-acreditamos-na-democracia\/","title":{"rendered":"Zema se re\u00fane com Lula em Bras\u00edlia para discutir d\u00edvida de Minas Gerais com a Uni\u00e3o: &#8220;acreditamos na Democracia&#8221;"},"content":{"rendered":"\n<p>O governador de Minas Gerais, Romeu Zema (Novo), se reuniu, nesta quarta-feira, dia 6 de mar\u00e7o, com o presidente Luiz In\u00e1cio Lula da Silva (PT), no Pal\u00e1cio do Planalto, para debater a d\u00edvida do estado com a Uni\u00e3o. O encontro conta com a presen\u00e7a do ministro da Fazenda, Fernando Haddad, e a expectativa \u00e9 que Minas e o governo federal consigam encaminhar um acordo para resolver a d\u00edvida do estado.<\/p>\n\n\n\n<p>Zema destacou a tranquilidade do encontro. &#8220;O presidente, tanto quanto eu, somos democratas, acreditamos na democracia. Diverg\u00eancia de opini\u00e3o n\u00f3s temos at\u00e9 com c\u00f4njuges&#8221;. O governador de Minas Gerais ainda disse que a conversa com Lula foi &#8220;em prol do Brasil&#8221;. Ele acrescentou que trata &#8220;com maior respeito&#8221; os prefeitos mineiros filiados ao PT.<\/p>\n\n\n\n<figure class=\"wp-block-image size-full\"><img loading=\"lazy\" decoding=\"async\" width=\"900\" height=\"506\" src=\"https:\/\/blogdorogeriogomes.com.br\/noticias\/wp-content\/uploads\/2024\/03\/governador-romeu-zema-e-presidente-lula-em-evento-em-minas-gerais-1707403549896_v2_900x506.jpg.webp\" alt=\"\" class=\"wp-image-31870\" srcset=\"https:\/\/blogdorogeriogomes.com.br\/noticias\/wp-content\/uploads\/2024\/03\/governador-romeu-zema-e-presidente-lula-em-evento-em-minas-gerais-1707403549896_v2_900x506.jpg.webp 900w, https:\/\/blogdorogeriogomes.com.br\/noticias\/wp-content\/uploads\/2024\/03\/governador-romeu-zema-e-presidente-lula-em-evento-em-minas-gerais-1707403549896_v2_900x506.jpg-300x169.webp 300w, https:\/\/blogdorogeriogomes.com.br\/noticias\/wp-content\/uploads\/2024\/03\/governador-romeu-zema-e-presidente-lula-em-evento-em-minas-gerais-1707403549896_v2_900x506.jpg-768x432.webp 768w, https:\/\/blogdorogeriogomes.com.br\/noticias\/wp-content\/uploads\/2024\/03\/governador-romeu-zema-e-presidente-lula-em-evento-em-minas-gerais-1707403549896_v2_900x506.jpg-800x450.webp 800w\" sizes=\"auto, (max-width: 900px) 100vw, 900px\" \/><\/figure>\n","protected":false},"excerpt":{"rendered":"<p>O governador de Minas Gerais, Romeu Zema (Novo), se reuniu, nesta quarta-feira, dia 6 de mar\u00e7o, com o presidente Luiz In\u00e1cio Lula da Silva (PT), no Pal\u00e1cio do Planalto, para debater a d\u00edvida do estado com a Uni\u00e3o. O encontro conta com a presen\u00e7a do ministro da Fazenda, Fernando Haddad, e a expectativa \u00e9 que Minas e o governo federal consigam encaminhar um acordo para resolver a d\u00edvida do estado. Zema destacou a tranquilidade do encontro. &#8220;O presidente, tanto&hellip;<\/p>\n","protected":false},"author":1,"featured_media":31870,"comment_status":"open","ping_status":"open","sticky":false,"template":"","format":"standard","meta":{"footnotes":""},"categories":[1],"tags":[],"class_list":["post-31869","post","type-post","status-publish","format-standard","has-post-thumbnail","hentry","category-noticias"],"_links":{"self":[{"href":"https:\/\/blogdorogeriogomes.com.br\/noticias\/wp-json\/wp\/v2\/posts\/31869","targetHints":{"allow":["GET"]}}],"collection":[{"href":"https:\/\/blogdorogeriogomes.com.br\/noticias\/wp-json\/wp\/v2\/posts"}],"about":[{"href":"https:\/\/blogdorogeriogomes.com.br\/noticias\/wp-json\/wp\/v2\/types\/post"}],"author":[{"embeddable":true,"href":"https:\/\/blogdorogeriogomes.com.br\/noticias\/wp-json\/wp\/v2\/users\/1"}],"replies":[{"embeddable":true,"href":"https:\/\/blogdorogeriogomes.com.br\/noticias\/wp-json\/wp\/v2\/comments?post=31869"}],"version-history":[{"count":1,"href":"https:\/\/blogdorogeriogomes.com.br\/noticias\/wp-json\/wp\/v2\/posts\/31869\/revisions"}],"predecessor-version":[{"id":31871,"href":"https:\/\/blogdorogeriogomes.com.br\/noticias\/wp-json\/wp\/v2\/posts\/31869\/revisions\/31871"}],"wp:featuredmedia":[{"embeddable":true,"href":"https:\/\/blogdorogeriogomes.com.br\/noticias\/wp-json\/wp\/v2\/media\/31870"}],"wp:attachment":[{"href":"https:\/\/blogdorogeriogomes.com.br\/noticias\/wp-json\/wp\/v2\/media?parent=31869"}],"wp:term":[{"taxonomy":"category","embeddable":true,"href":"https:\/\/blogdorogeriogomes.com.br\/noticias\/wp-json\/wp\/v2\/categories?post=31869"},{"taxonomy":"post_tag","embeddable":true,"href":"https:\/\/blogdorogeriogomes.com.br\/noticias\/wp-json\/wp\/v2\/tags?post=31869"}],"curies":[{"name":"wp","href":"https:\/\/api.w.org\/{rel}","templated":true}]}}