{"id":31873,"date":"2024-03-07T21:22:33","date_gmt":"2024-03-07T21:22:33","guid":{"rendered":"https:\/\/blogdorogeriogomes.com.br\/noticias\/?p=31873"},"modified":"2024-03-07T21:22:34","modified_gmt":"2024-03-07T21:22:34","slug":"uece-ganha-novos-professores-nesta-sexta-feira-governo-estadual-tambem-anuncia-mais-29-escolas-em-tempo-integral-no-ceara","status":"publish","type":"post","link":"https:\/\/blogdorogeriogomes.com.br\/noticias\/2024\/03\/uece-ganha-novos-professores-nesta-sexta-feira-governo-estadual-tambem-anuncia-mais-29-escolas-em-tempo-integral-no-ceara\/","title":{"rendered":"Uece ganha novos professores nesta sexta-feira. Governo Estadual tamb\u00e9m anuncia mais 29 escolas em tempo integral no Cear\u00e1"},"content":{"rendered":"\n<p>Mais de 60 novos professores efetivos da Universidade Estadual do Cear\u00e1 (UECE) participam da cerim\u00f4nia de posse, nesta sexta-feira, dia 8 de mar\u00e7o, \u00e0s 15 horas, no Pal\u00e1cio da Aboli\u00e7\u00e3o. Os professores ser\u00e3o lotados em diversas unidades da Uece no interior do Estado.<\/p>\n\n\n\n<p>Outros 190 professores efetivos, tamb\u00e9m aprovados no concurso, j\u00e1 tomaram posse e est\u00e3o atuando em v\u00e1rios cursos das diversas unidades acad\u00eamicas da institui\u00e7\u00e3o. Ap\u00f3s o concurso realizado em 2022, 275 novos docentes j\u00e1 foram chamados.<\/p>\n\n\n\n<p>O Governo do Cear\u00e1 tamb\u00e9m anunciou nesta quinta-feira, dia 7, as\u00a029 escolas estaduais que passaram a ofertar o tempo integral em 2024. Agora, o Cear\u00e1 conta com 512 unidades com jornada prolongada, beneficiando 177 mil estudantes. Isso representa 75% da rede. Est\u00e3o inclu\u00eddas nesta nova expans\u00e3o uma Escola Estadual de Educa\u00e7\u00e3o Profissional, duas Escolas de Ensino M\u00e9dio e Profissional do Campo e 26 Escolas de Ensino M\u00e9dio em Tempo Integral.<\/p>\n\n\n\n<figure class=\"wp-block-image size-large\"><img loading=\"lazy\" decoding=\"async\" width=\"1024\" height=\"683\" src=\"https:\/\/blogdorogeriogomes.com.br\/noticias\/wp-content\/uploads\/2024\/03\/20240307101753__MG_3820-1200x800-1-1024x683.jpg\" alt=\"\" class=\"wp-image-31874\" srcset=\"https:\/\/blogdorogeriogomes.com.br\/noticias\/wp-content\/uploads\/2024\/03\/20240307101753__MG_3820-1200x800-1-1024x683.jpg 1024w, https:\/\/blogdorogeriogomes.com.br\/noticias\/wp-content\/uploads\/2024\/03\/20240307101753__MG_3820-1200x800-1-300x200.jpg 300w, https:\/\/blogdorogeriogomes.com.br\/noticias\/wp-content\/uploads\/2024\/03\/20240307101753__MG_3820-1200x800-1-768x512.jpg 768w, https:\/\/blogdorogeriogomes.com.br\/noticias\/wp-content\/uploads\/2024\/03\/20240307101753__MG_3820-1200x800-1-800x533.jpg 800w, https:\/\/blogdorogeriogomes.com.br\/noticias\/wp-content\/uploads\/2024\/03\/20240307101753__MG_3820-1200x800-1.jpg 1200w\" sizes=\"auto, (max-width: 1024px) 100vw, 1024px\" \/><\/figure>\n","protected":false},"excerpt":{"rendered":"<p>Mais de 60 novos professores efetivos da Universidade Estadual do Cear\u00e1 (UECE) participam da cerim\u00f4nia de posse, nesta sexta-feira, dia 8 de mar\u00e7o, \u00e0s 15 horas, no Pal\u00e1cio da Aboli\u00e7\u00e3o. Os professores ser\u00e3o lotados em diversas unidades da Uece no interior do Estado. Outros 190 professores efetivos, tamb\u00e9m aprovados no concurso, j\u00e1 tomaram posse e est\u00e3o atuando em v\u00e1rios cursos das diversas unidades acad\u00eamicas da institui\u00e7\u00e3o. Ap\u00f3s o concurso realizado em 2022, 275 novos docentes j\u00e1 foram chamados. O&hellip;<\/p>\n","protected":false},"author":1,"featured_media":31874,"comment_status":"open","ping_status":"open","sticky":false,"template":"","format":"standard","meta":{"footnotes":""},"categories":[1],"tags":[],"class_list":["post-31873","post","type-post","status-publish","format-standard","has-post-thumbnail","hentry","category-noticias"],"_links":{"self":[{"href":"https:\/\/blogdorogeriogomes.com.br\/noticias\/wp-json\/wp\/v2\/posts\/31873","targetHints":{"allow":["GET"]}}],"collection":[{"href":"https:\/\/blogdorogeriogomes.com.br\/noticias\/wp-json\/wp\/v2\/posts"}],"about":[{"href":"https:\/\/blogdorogeriogomes.com.br\/noticias\/wp-json\/wp\/v2\/types\/post"}],"author":[{"embeddable":true,"href":"https:\/\/blogdorogeriogomes.com.br\/noticias\/wp-json\/wp\/v2\/users\/1"}],"replies":[{"embeddable":true,"href":"https:\/\/blogdorogeriogomes.com.br\/noticias\/wp-json\/wp\/v2\/comments?post=31873"}],"version-history":[{"count":1,"href":"https:\/\/blogdorogeriogomes.com.br\/noticias\/wp-json\/wp\/v2\/posts\/31873\/revisions"}],"predecessor-version":[{"id":31875,"href":"https:\/\/blogdorogeriogomes.com.br\/noticias\/wp-json\/wp\/v2\/posts\/31873\/revisions\/31875"}],"wp:featuredmedia":[{"embeddable":true,"href":"https:\/\/blogdorogeriogomes.com.br\/noticias\/wp-json\/wp\/v2\/media\/31874"}],"wp:attachment":[{"href":"https:\/\/blogdorogeriogomes.com.br\/noticias\/wp-json\/wp\/v2\/media?parent=31873"}],"wp:term":[{"taxonomy":"category","embeddable":true,"href":"https:\/\/blogdorogeriogomes.com.br\/noticias\/wp-json\/wp\/v2\/categories?post=31873"},{"taxonomy":"post_tag","embeddable":true,"href":"https:\/\/blogdorogeriogomes.com.br\/noticias\/wp-json\/wp\/v2\/tags?post=31873"}],"curies":[{"name":"wp","href":"https:\/\/api.w.org\/{rel}","templated":true}]}}