{"id":31877,"date":"2024-03-08T11:42:32","date_gmt":"2024-03-08T11:42:32","guid":{"rendered":"https:\/\/blogdorogeriogomes.com.br\/noticias\/?p=31877"},"modified":"2024-03-08T11:42:32","modified_gmt":"2024-03-08T11:42:32","slug":"grupo-politico-de-jose-guimaraes-fecha-apoio-a-evandro-leitao-para-concorrer-pelo-pt-a-prefeitura-de-fortaleza","status":"publish","type":"post","link":"https:\/\/blogdorogeriogomes.com.br\/noticias\/2024\/03\/grupo-politico-de-jose-guimaraes-fecha-apoio-a-evandro-leitao-para-concorrer-pelo-pt-a-prefeitura-de-fortaleza\/","title":{"rendered":"Grupo pol\u00edtico de Jos\u00e9 Guimar\u00e3es fecha apoio a Evandro Leit\u00e3o para concorrer pelo PT \u00e0 Prefeitura de Fortaleza"},"content":{"rendered":"\n<p>Em encontro do seu grupo pol\u00edtico nesta quinta-feira, dia 7 de mar\u00e7o, o deputado federal Jos\u00e9 Guimar\u00e3es (PT), que \u00e9 l\u00edder do Governo Federal na C\u00e2mara dos Deputados, fechou apoio ao nome do presidente da Assembleia Legislativa do Cear\u00e1, Evandro Leit\u00e3o, como o candidato pelo PT \u00e0 Prefeitura de Fortaleza nas elei\u00e7\u00f5es deste ano. Evandro tamb\u00e9m \u00e9 defendido pelo atual ministro da Educa\u00e7\u00e3o, o senador Camilo Santana (PT).<\/p>\n\n\n\n<p>A indica\u00e7\u00e3o de Guimar\u00e3es ocorre no momento de forte disputa interna onde a ex-prefeita de Fortaleza, Luizianne Lins, ainda tenta apoio em torno do seu nome para ser a candidata. Eu tenho muito respeito \u00e0 companheira Luizianne, pela sua hist\u00f3ria, pela sua vida dedicada ao povo de Fortaleza, mas esse momento \u00e9 sublime, \u00e9 superior, \u00e9 maior. E eu estou convencido que o nome que melhor pacifica o ambiente pol\u00edtico em Fortaleza \u00e9 o nome do companheiro Evandro Leit\u00e3o&#8221;, disse Guimar\u00e3es.<\/p>\n\n\n\n<figure class=\"wp-block-image size-full\"><img loading=\"lazy\" decoding=\"async\" width=\"678\" height=\"452\" src=\"https:\/\/blogdorogeriogomes.com.br\/noticias\/wp-content\/uploads\/2024\/03\/IMG_1140.jpeg\" alt=\"\" class=\"wp-image-31878\" srcset=\"https:\/\/blogdorogeriogomes.com.br\/noticias\/wp-content\/uploads\/2024\/03\/IMG_1140.jpeg 678w, https:\/\/blogdorogeriogomes.com.br\/noticias\/wp-content\/uploads\/2024\/03\/IMG_1140-300x200.jpeg 300w\" sizes=\"auto, (max-width: 678px) 100vw, 678px\" \/><\/figure>\n\n\n\n<p><\/p>\n","protected":false},"excerpt":{"rendered":"<p>Em encontro do seu grupo pol\u00edtico nesta quinta-feira, dia 7 de mar\u00e7o, o deputado federal Jos\u00e9 Guimar\u00e3es (PT), que \u00e9 l\u00edder do Governo Federal na C\u00e2mara dos Deputados, fechou apoio ao nome do presidente da Assembleia Legislativa do Cear\u00e1, Evandro Leit\u00e3o, como o candidato pelo PT \u00e0 Prefeitura de Fortaleza nas elei\u00e7\u00f5es deste ano. Evandro tamb\u00e9m \u00e9 defendido pelo atual ministro da Educa\u00e7\u00e3o, o senador Camilo Santana (PT). A indica\u00e7\u00e3o de Guimar\u00e3es ocorre no momento de forte disputa interna&hellip;<\/p>\n","protected":false},"author":1,"featured_media":31878,"comment_status":"open","ping_status":"open","sticky":false,"template":"","format":"standard","meta":{"footnotes":""},"categories":[1],"tags":[],"class_list":["post-31877","post","type-post","status-publish","format-standard","has-post-thumbnail","hentry","category-noticias"],"_links":{"self":[{"href":"https:\/\/blogdorogeriogomes.com.br\/noticias\/wp-json\/wp\/v2\/posts\/31877","targetHints":{"allow":["GET"]}}],"collection":[{"href":"https:\/\/blogdorogeriogomes.com.br\/noticias\/wp-json\/wp\/v2\/posts"}],"about":[{"href":"https:\/\/blogdorogeriogomes.com.br\/noticias\/wp-json\/wp\/v2\/types\/post"}],"author":[{"embeddable":true,"href":"https:\/\/blogdorogeriogomes.com.br\/noticias\/wp-json\/wp\/v2\/users\/1"}],"replies":[{"embeddable":true,"href":"https:\/\/blogdorogeriogomes.com.br\/noticias\/wp-json\/wp\/v2\/comments?post=31877"}],"version-history":[{"count":1,"href":"https:\/\/blogdorogeriogomes.com.br\/noticias\/wp-json\/wp\/v2\/posts\/31877\/revisions"}],"predecessor-version":[{"id":31879,"href":"https:\/\/blogdorogeriogomes.com.br\/noticias\/wp-json\/wp\/v2\/posts\/31877\/revisions\/31879"}],"wp:featuredmedia":[{"embeddable":true,"href":"https:\/\/blogdorogeriogomes.com.br\/noticias\/wp-json\/wp\/v2\/media\/31878"}],"wp:attachment":[{"href":"https:\/\/blogdorogeriogomes.com.br\/noticias\/wp-json\/wp\/v2\/media?parent=31877"}],"wp:term":[{"taxonomy":"category","embeddable":true,"href":"https:\/\/blogdorogeriogomes.com.br\/noticias\/wp-json\/wp\/v2\/categories?post=31877"},{"taxonomy":"post_tag","embeddable":true,"href":"https:\/\/blogdorogeriogomes.com.br\/noticias\/wp-json\/wp\/v2\/tags?post=31877"}],"curies":[{"name":"wp","href":"https:\/\/api.w.org\/{rel}","templated":true}]}}