{"id":31883,"date":"2024-03-08T12:14:43","date_gmt":"2024-03-08T12:14:43","guid":{"rendered":"https:\/\/blogdorogeriogomes.com.br\/noticias\/?p=31883"},"modified":"2024-03-08T12:14:43","modified_gmt":"2024-03-08T12:14:43","slug":"camilo-santana-anuncia-que-ceara-vai-ganhar-55-escolas-em-tempo-integral-e-78-creches-com-investimento-do-novo-pac-selecoes","status":"publish","type":"post","link":"https:\/\/blogdorogeriogomes.com.br\/noticias\/2024\/03\/camilo-santana-anuncia-que-ceara-vai-ganhar-55-escolas-em-tempo-integral-e-78-creches-com-investimento-do-novo-pac-selecoes\/","title":{"rendered":"Camilo Santana anuncia que Cear\u00e1 vai ganhar 55 escolas em tempo integral e 78 creches com investimento do Novo PAC Sele\u00e7\u00f5es"},"content":{"rendered":"\n<p>O Novo PAC Sele\u00e7\u00f5es foi divulgado pelo presidente Luiz In\u00e1cio Lula da Silva nesta quinta-feira, dia 7 de mar\u00e7o. Os eixos compreendem Sa\u00fade, Educa\u00e7\u00e3o, Ci\u00eancia e Tecnologia e Infraestrutura Social e Inclusiva. Dentre todos os investimentos nessas \u00e1reas, o Cear\u00e1 vai receber 246 obras e equipamentos em Educa\u00e7\u00e3o.<\/p>\n\n\n\n<p>O Estado vai ganhar 55 novas escolas em tempo integral e 78 novas creches, com investimento recebido do Novo PAC Sele\u00e7\u00f5es, de acordo com o ministro da Educa\u00e7\u00e3o, Camilo Santana, e o governador do estado, Elmano de Freitas. O investimento tamb\u00e9m vai refor\u00e7ar a oferta do servi\u00e7o de transporte escolar nos munic\u00edpios cearenses. Ao todo, o repasse \u00e9 de aproximadamente R$ 780 milh\u00f5es na educa\u00e7\u00e3o estadual. &#8220;S\u00f3 no estado s\u00e3o mais de R$ 150 milh\u00f5es para a constru\u00e7\u00e3o dessas escolas\u201d, afirmou Elmano de Freitas.<\/p>\n\n\n\n<figure class=\"wp-block-image size-full\"><img loading=\"lazy\" decoding=\"async\" width=\"750\" height=\"375\" src=\"https:\/\/blogdorogeriogomes.com.br\/noticias\/wp-content\/uploads\/2024\/03\/images-11.jpeg\" alt=\"\" class=\"wp-image-31884\" srcset=\"https:\/\/blogdorogeriogomes.com.br\/noticias\/wp-content\/uploads\/2024\/03\/images-11.jpeg 750w, https:\/\/blogdorogeriogomes.com.br\/noticias\/wp-content\/uploads\/2024\/03\/images-11-300x150.jpeg 300w\" sizes=\"auto, (max-width: 750px) 100vw, 750px\" \/><\/figure>\n","protected":false},"excerpt":{"rendered":"<p>O Novo PAC Sele\u00e7\u00f5es foi divulgado pelo presidente Luiz In\u00e1cio Lula da Silva nesta quinta-feira, dia 7 de mar\u00e7o. Os eixos compreendem Sa\u00fade, Educa\u00e7\u00e3o, Ci\u00eancia e Tecnologia e Infraestrutura Social e Inclusiva. Dentre todos os investimentos nessas \u00e1reas, o Cear\u00e1 vai receber 246 obras e equipamentos em Educa\u00e7\u00e3o. O Estado vai ganhar 55 novas escolas em tempo integral e 78 novas creches, com investimento recebido do Novo PAC Sele\u00e7\u00f5es, de acordo com o ministro da Educa\u00e7\u00e3o, Camilo Santana, e&hellip;<\/p>\n","protected":false},"author":1,"featured_media":31884,"comment_status":"open","ping_status":"open","sticky":false,"template":"","format":"standard","meta":{"footnotes":""},"categories":[1],"tags":[],"class_list":["post-31883","post","type-post","status-publish","format-standard","has-post-thumbnail","hentry","category-noticias"],"_links":{"self":[{"href":"https:\/\/blogdorogeriogomes.com.br\/noticias\/wp-json\/wp\/v2\/posts\/31883","targetHints":{"allow":["GET"]}}],"collection":[{"href":"https:\/\/blogdorogeriogomes.com.br\/noticias\/wp-json\/wp\/v2\/posts"}],"about":[{"href":"https:\/\/blogdorogeriogomes.com.br\/noticias\/wp-json\/wp\/v2\/types\/post"}],"author":[{"embeddable":true,"href":"https:\/\/blogdorogeriogomes.com.br\/noticias\/wp-json\/wp\/v2\/users\/1"}],"replies":[{"embeddable":true,"href":"https:\/\/blogdorogeriogomes.com.br\/noticias\/wp-json\/wp\/v2\/comments?post=31883"}],"version-history":[{"count":1,"href":"https:\/\/blogdorogeriogomes.com.br\/noticias\/wp-json\/wp\/v2\/posts\/31883\/revisions"}],"predecessor-version":[{"id":31885,"href":"https:\/\/blogdorogeriogomes.com.br\/noticias\/wp-json\/wp\/v2\/posts\/31883\/revisions\/31885"}],"wp:featuredmedia":[{"embeddable":true,"href":"https:\/\/blogdorogeriogomes.com.br\/noticias\/wp-json\/wp\/v2\/media\/31884"}],"wp:attachment":[{"href":"https:\/\/blogdorogeriogomes.com.br\/noticias\/wp-json\/wp\/v2\/media?parent=31883"}],"wp:term":[{"taxonomy":"category","embeddable":true,"href":"https:\/\/blogdorogeriogomes.com.br\/noticias\/wp-json\/wp\/v2\/categories?post=31883"},{"taxonomy":"post_tag","embeddable":true,"href":"https:\/\/blogdorogeriogomes.com.br\/noticias\/wp-json\/wp\/v2\/tags?post=31883"}],"curies":[{"name":"wp","href":"https:\/\/api.w.org\/{rel}","templated":true}]}}