{"id":31892,"date":"2024-03-09T11:05:05","date_gmt":"2024-03-09T11:05:05","guid":{"rendered":"https:\/\/blogdorogeriogomes.com.br\/noticias\/?p=31892"},"modified":"2024-03-09T11:05:06","modified_gmt":"2024-03-09T11:05:06","slug":"campanha-de-vacinacao-contra-a-gripe-no-ceara-comeca-nesta-segunda-feira","status":"publish","type":"post","link":"https:\/\/blogdorogeriogomes.com.br\/noticias\/2024\/03\/campanha-de-vacinacao-contra-a-gripe-no-ceara-comeca-nesta-segunda-feira\/","title":{"rendered":"Campanha de Vacina\u00e7\u00e3o contra a Gripe no Cear\u00e1 come\u00e7a nesta segunda-feira"},"content":{"rendered":"\n<p>A Campanha de Vacina\u00e7\u00e3o contra a Gripe no Cear\u00e1 come\u00e7a nesta segunda-feira, dia 11 de mar\u00e7o. A meta \u00e9 vacinar 90% do grupo priorit\u00e1rio. O lan\u00e7amento vai acontecer no Vapt Vupt de Messejana, em Fortaleza, e contar\u00e1 com a presen\u00e7a do governador Elmano de Freitas e do secret\u00e1rio executivo de Vigil\u00e2ncia em Sa\u00fade da Secretaria da Sa\u00fade do Cear\u00e1 (Sesa), Antonio Silva Lima Neto (Tanta), entre outras autoridades.<\/p>\n\n\n\n<p>O Estado recebeu do Minist\u00e9rio da Sa\u00fade 904 mil doses da vacina, que foram distribu\u00eddas para todas as Regi\u00f5es de Sa\u00fade. A campanha \u00e9 realizada em todo o Brasil.<\/p>\n\n\n\n<p>O p\u00fablico priorit\u00e1rio da campanha s\u00e3o: crian\u00e7as de seis meses at\u00e9 5 anos, 11 meses e 29 dias de idade; profissionais de sa\u00fade; gestantes; pu\u00e9rperas; professores do ensino b\u00e1sico e superior; povos ind\u00edgenas; idosos com 60 anos ou mais; pessoas em situa\u00e7\u00e3o de rua; profissionais das For\u00e7as de Seguran\u00e7a e Salvamento; profissionais das For\u00e7as Armadas; pessoas com doen\u00e7as cr\u00f4nicas n\u00e3o transmiss\u00edveis e outras condi\u00e7\u00f5es cl\u00ednicas especiais, independentemente da idade; pessoas com defici\u00eancia permanente; caminhoneiros; trabalhadores de transporte coletivo rodovi\u00e1rio; trabalhadores portu\u00e1rios; popula\u00e7\u00e3o privada de liberdade e funcion\u00e1rios do sistema de priva\u00e7\u00e3o de liberdade; e adolescentes e jovens de 12 a 21 anos de idade sob medidas socioeducativas.<\/p>\n\n\n\n<figure class=\"wp-block-image size-full\"><img loading=\"lazy\" decoding=\"async\" width=\"768\" height=\"354\" src=\"https:\/\/blogdorogeriogomes.com.br\/noticias\/wp-content\/uploads\/2024\/03\/b9223a3c-b3a6-4a2e-baf2-fde1979c2131.png\" alt=\"\" class=\"wp-image-31893\" srcset=\"https:\/\/blogdorogeriogomes.com.br\/noticias\/wp-content\/uploads\/2024\/03\/b9223a3c-b3a6-4a2e-baf2-fde1979c2131.png 768w, https:\/\/blogdorogeriogomes.com.br\/noticias\/wp-content\/uploads\/2024\/03\/b9223a3c-b3a6-4a2e-baf2-fde1979c2131-300x138.png 300w\" sizes=\"auto, (max-width: 768px) 100vw, 768px\" \/><\/figure>\n","protected":false},"excerpt":{"rendered":"<p>A Campanha de Vacina\u00e7\u00e3o contra a Gripe no Cear\u00e1 come\u00e7a nesta segunda-feira, dia 11 de mar\u00e7o. A meta \u00e9 vacinar 90% do grupo priorit\u00e1rio. O lan\u00e7amento vai acontecer no Vapt Vupt de Messejana, em Fortaleza, e contar\u00e1 com a presen\u00e7a do governador Elmano de Freitas e do secret\u00e1rio executivo de Vigil\u00e2ncia em Sa\u00fade da Secretaria da Sa\u00fade do Cear\u00e1 (Sesa), Antonio Silva Lima Neto (Tanta), entre outras autoridades. O Estado recebeu do Minist\u00e9rio da Sa\u00fade 904 mil doses da&hellip;<\/p>\n","protected":false},"author":1,"featured_media":31893,"comment_status":"open","ping_status":"open","sticky":false,"template":"","format":"standard","meta":{"footnotes":""},"categories":[1],"tags":[],"class_list":["post-31892","post","type-post","status-publish","format-standard","has-post-thumbnail","hentry","category-noticias"],"_links":{"self":[{"href":"https:\/\/blogdorogeriogomes.com.br\/noticias\/wp-json\/wp\/v2\/posts\/31892","targetHints":{"allow":["GET"]}}],"collection":[{"href":"https:\/\/blogdorogeriogomes.com.br\/noticias\/wp-json\/wp\/v2\/posts"}],"about":[{"href":"https:\/\/blogdorogeriogomes.com.br\/noticias\/wp-json\/wp\/v2\/types\/post"}],"author":[{"embeddable":true,"href":"https:\/\/blogdorogeriogomes.com.br\/noticias\/wp-json\/wp\/v2\/users\/1"}],"replies":[{"embeddable":true,"href":"https:\/\/blogdorogeriogomes.com.br\/noticias\/wp-json\/wp\/v2\/comments?post=31892"}],"version-history":[{"count":1,"href":"https:\/\/blogdorogeriogomes.com.br\/noticias\/wp-json\/wp\/v2\/posts\/31892\/revisions"}],"predecessor-version":[{"id":31894,"href":"https:\/\/blogdorogeriogomes.com.br\/noticias\/wp-json\/wp\/v2\/posts\/31892\/revisions\/31894"}],"wp:featuredmedia":[{"embeddable":true,"href":"https:\/\/blogdorogeriogomes.com.br\/noticias\/wp-json\/wp\/v2\/media\/31893"}],"wp:attachment":[{"href":"https:\/\/blogdorogeriogomes.com.br\/noticias\/wp-json\/wp\/v2\/media?parent=31892"}],"wp:term":[{"taxonomy":"category","embeddable":true,"href":"https:\/\/blogdorogeriogomes.com.br\/noticias\/wp-json\/wp\/v2\/categories?post=31892"},{"taxonomy":"post_tag","embeddable":true,"href":"https:\/\/blogdorogeriogomes.com.br\/noticias\/wp-json\/wp\/v2\/tags?post=31892"}],"curies":[{"name":"wp","href":"https:\/\/api.w.org\/{rel}","templated":true}]}}