{"id":31899,"date":"2024-03-11T14:56:59","date_gmt":"2024-03-11T14:56:59","guid":{"rendered":"https:\/\/blogdorogeriogomes.com.br\/noticias\/?p=31899"},"modified":"2024-03-11T14:57:00","modified_gmt":"2024-03-11T14:57:00","slug":"jose-sarto-entrega-obras-de-duplicacao-da-avenida-sargento-herminio-em-fortaleza","status":"publish","type":"post","link":"https:\/\/blogdorogeriogomes.com.br\/noticias\/2024\/03\/jose-sarto-entrega-obras-de-duplicacao-da-avenida-sargento-herminio-em-fortaleza\/","title":{"rendered":"Jos\u00e9 Sarto entrega obras de duplica\u00e7\u00e3o da avenida Sargento Herm\u00ednio em Fortaleza"},"content":{"rendered":"\n<p>O prefeito de Fortaleza, Jos\u00e9 Sarto, entregou nesta segunda-feira , dia 11 de mar\u00e7o, as obras de duplica\u00e7\u00e3o da avenida Sargento Herm\u00ednio. Com as interven\u00e7\u00f5es a via passa a contar com 2,5 km de pista urbanizada e alargada.<\/p>\n\n\n\n<p>A nova avenida Sargento Herm\u00ednio passa a ter duas faixas de tr\u00e1fego por sentido, com canteiro central, ciclovia e nova pavimenta\u00e7\u00e3o em piso intertravado. A amplia\u00e7\u00e3o da via vai ajudar a desafogar o tr\u00e1fego por onde passam, diariamente, cerca de 29.700 ve\u00edculos, al\u00e9m de oferecer mais uma alternativa de rota \u00e0s avenidas Bezerra de Menezes, Francisco S\u00e1 e Jos\u00e9 Jatahy, beneficiando os moradores dos bairros \u00c1lvaro Weyne, Monte Castelo e Presidente Kennedy.<\/p>\n\n\n\n<p>A avenida tamb\u00e9m recebeu sinaliza\u00e7\u00e3o horizontal e vertical com readequa\u00e7\u00e3o da velocidade para 50 km\/h, al\u00e9m de quatro novos sem\u00e1foros a fim de permitir maior seguran\u00e7a vi\u00e1ria.<\/p>\n\n\n\n<p>A duplica\u00e7\u00e3o da avenida Sargento Herm\u00ednio teve investimento de R$ 30 milh\u00f5es, entre obras, desapropria\u00e7\u00f5es e indeniza\u00e7\u00f5es de cerca de 77 im\u00f3veis que haviam no local.<\/p>\n\n\n\n<figure class=\"wp-block-image size-large\"><img loading=\"lazy\" decoding=\"async\" width=\"1024\" height=\"602\" src=\"https:\/\/blogdorogeriogomes.com.br\/noticias\/wp-content\/uploads\/2024\/03\/11-03-2024-Entrega-da-nova-Avenida-Sargento-Herminio-22-1024x602.jpg\" alt=\"\" class=\"wp-image-31900\" srcset=\"https:\/\/blogdorogeriogomes.com.br\/noticias\/wp-content\/uploads\/2024\/03\/11-03-2024-Entrega-da-nova-Avenida-Sargento-Herminio-22-1024x602.jpg 1024w, https:\/\/blogdorogeriogomes.com.br\/noticias\/wp-content\/uploads\/2024\/03\/11-03-2024-Entrega-da-nova-Avenida-Sargento-Herminio-22-300x176.jpg 300w, https:\/\/blogdorogeriogomes.com.br\/noticias\/wp-content\/uploads\/2024\/03\/11-03-2024-Entrega-da-nova-Avenida-Sargento-Herminio-22-768x451.jpg 768w, https:\/\/blogdorogeriogomes.com.br\/noticias\/wp-content\/uploads\/2024\/03\/11-03-2024-Entrega-da-nova-Avenida-Sargento-Herminio-22-800x470.jpg 800w, https:\/\/blogdorogeriogomes.com.br\/noticias\/wp-content\/uploads\/2024\/03\/11-03-2024-Entrega-da-nova-Avenida-Sargento-Herminio-22.jpg 1280w\" sizes=\"auto, (max-width: 1024px) 100vw, 1024px\" \/><\/figure>\n","protected":false},"excerpt":{"rendered":"<p>O prefeito de Fortaleza, Jos\u00e9 Sarto, entregou nesta segunda-feira , dia 11 de mar\u00e7o, as obras de duplica\u00e7\u00e3o da avenida Sargento Herm\u00ednio. Com as interven\u00e7\u00f5es a via passa a contar com 2,5 km de pista urbanizada e alargada. A nova avenida Sargento Herm\u00ednio passa a ter duas faixas de tr\u00e1fego por sentido, com canteiro central, ciclovia e nova pavimenta\u00e7\u00e3o em piso intertravado. A amplia\u00e7\u00e3o da via vai ajudar a desafogar o tr\u00e1fego por onde passam, diariamente, cerca de 29.700&hellip;<\/p>\n","protected":false},"author":1,"featured_media":31900,"comment_status":"open","ping_status":"open","sticky":false,"template":"","format":"standard","meta":{"footnotes":""},"categories":[1],"tags":[],"class_list":["post-31899","post","type-post","status-publish","format-standard","has-post-thumbnail","hentry","category-noticias"],"_links":{"self":[{"href":"https:\/\/blogdorogeriogomes.com.br\/noticias\/wp-json\/wp\/v2\/posts\/31899","targetHints":{"allow":["GET"]}}],"collection":[{"href":"https:\/\/blogdorogeriogomes.com.br\/noticias\/wp-json\/wp\/v2\/posts"}],"about":[{"href":"https:\/\/blogdorogeriogomes.com.br\/noticias\/wp-json\/wp\/v2\/types\/post"}],"author":[{"embeddable":true,"href":"https:\/\/blogdorogeriogomes.com.br\/noticias\/wp-json\/wp\/v2\/users\/1"}],"replies":[{"embeddable":true,"href":"https:\/\/blogdorogeriogomes.com.br\/noticias\/wp-json\/wp\/v2\/comments?post=31899"}],"version-history":[{"count":1,"href":"https:\/\/blogdorogeriogomes.com.br\/noticias\/wp-json\/wp\/v2\/posts\/31899\/revisions"}],"predecessor-version":[{"id":31901,"href":"https:\/\/blogdorogeriogomes.com.br\/noticias\/wp-json\/wp\/v2\/posts\/31899\/revisions\/31901"}],"wp:featuredmedia":[{"embeddable":true,"href":"https:\/\/blogdorogeriogomes.com.br\/noticias\/wp-json\/wp\/v2\/media\/31900"}],"wp:attachment":[{"href":"https:\/\/blogdorogeriogomes.com.br\/noticias\/wp-json\/wp\/v2\/media?parent=31899"}],"wp:term":[{"taxonomy":"category","embeddable":true,"href":"https:\/\/blogdorogeriogomes.com.br\/noticias\/wp-json\/wp\/v2\/categories?post=31899"},{"taxonomy":"post_tag","embeddable":true,"href":"https:\/\/blogdorogeriogomes.com.br\/noticias\/wp-json\/wp\/v2\/tags?post=31899"}],"curies":[{"name":"wp","href":"https:\/\/api.w.org\/{rel}","templated":true}]}}