{"id":31908,"date":"2024-03-11T19:20:55","date_gmt":"2024-03-11T19:20:55","guid":{"rendered":"https:\/\/blogdorogeriogomes.com.br\/noticias\/?p=31908"},"modified":"2024-03-11T19:20:56","modified_gmt":"2024-03-11T19:20:56","slug":"presidente-nacional-do-psdb-define-rumos-do-partido-nas-eleicoes-municipais-nesta-terca-feira-em-fortaleza","status":"publish","type":"post","link":"https:\/\/blogdorogeriogomes.com.br\/noticias\/2024\/03\/presidente-nacional-do-psdb-define-rumos-do-partido-nas-eleicoes-municipais-nesta-terca-feira-em-fortaleza\/","title":{"rendered":"Presidente nacional do PSDB define rumos do partido nas elei\u00e7\u00f5es municipais nesta ter\u00e7a-feira em Fortaleza"},"content":{"rendered":"\n<p>O presidente nacional do PSDB, Marconi Perillo, comanda uma reuni\u00e3o do diret\u00f3rio do partido no Cear\u00e1, nesta ter\u00e7a-feira, dia 12 de mar\u00e7o, para definir os rumos que o PSDB vai tomar nas elei\u00e7\u00f5es municipais. O encontro ser\u00e1 em Fortaleza e ter\u00e1 a participa\u00e7\u00e3o do ex-senador Tasso Jereissati, que ainda \u00e9 a principal lideran\u00e7a tucana no Estado.<\/p>\n\n\n\n<p>Em Fortaleza, o PSDB deve apoiar a tentativa de reelei\u00e7\u00e3o do prefeito Jos\u00e9 Sarto (PDT). O partido tucano \u00e9 aliado de pedetistas como Ciro Gomes, Andr\u00e9 Figueiredo e Roberto Cl\u00e1udio. O PSDB faz parte da gest\u00e3o de Sarto na Prefeitura de Fortaleza. O atual presidente estadual do PSDB, \u00c9lcio Batista, \u00e9 o vice-prefeito da Capital.<\/p>\n\n\n\n<figure class=\"wp-block-image size-full\"><img loading=\"lazy\" decoding=\"async\" width=\"709\" height=\"433\" src=\"https:\/\/blogdorogeriogomes.com.br\/noticias\/wp-content\/uploads\/2024\/03\/images-14.jpeg\" alt=\"\" class=\"wp-image-31909\" srcset=\"https:\/\/blogdorogeriogomes.com.br\/noticias\/wp-content\/uploads\/2024\/03\/images-14.jpeg 709w, https:\/\/blogdorogeriogomes.com.br\/noticias\/wp-content\/uploads\/2024\/03\/images-14-300x183.jpeg 300w\" sizes=\"auto, (max-width: 709px) 100vw, 709px\" \/><\/figure>\n","protected":false},"excerpt":{"rendered":"<p>O presidente nacional do PSDB, Marconi Perillo, comanda uma reuni\u00e3o do diret\u00f3rio do partido no Cear\u00e1, nesta ter\u00e7a-feira, dia 12 de mar\u00e7o, para definir os rumos que o PSDB vai tomar nas elei\u00e7\u00f5es municipais. O encontro ser\u00e1 em Fortaleza e ter\u00e1 a participa\u00e7\u00e3o do ex-senador Tasso Jereissati, que ainda \u00e9 a principal lideran\u00e7a tucana no Estado. Em Fortaleza, o PSDB deve apoiar a tentativa de reelei\u00e7\u00e3o do prefeito Jos\u00e9 Sarto (PDT). O partido tucano \u00e9 aliado de pedetistas como&hellip;<\/p>\n","protected":false},"author":1,"featured_media":31909,"comment_status":"open","ping_status":"open","sticky":false,"template":"","format":"standard","meta":{"footnotes":""},"categories":[1],"tags":[],"class_list":["post-31908","post","type-post","status-publish","format-standard","has-post-thumbnail","hentry","category-noticias"],"_links":{"self":[{"href":"https:\/\/blogdorogeriogomes.com.br\/noticias\/wp-json\/wp\/v2\/posts\/31908","targetHints":{"allow":["GET"]}}],"collection":[{"href":"https:\/\/blogdorogeriogomes.com.br\/noticias\/wp-json\/wp\/v2\/posts"}],"about":[{"href":"https:\/\/blogdorogeriogomes.com.br\/noticias\/wp-json\/wp\/v2\/types\/post"}],"author":[{"embeddable":true,"href":"https:\/\/blogdorogeriogomes.com.br\/noticias\/wp-json\/wp\/v2\/users\/1"}],"replies":[{"embeddable":true,"href":"https:\/\/blogdorogeriogomes.com.br\/noticias\/wp-json\/wp\/v2\/comments?post=31908"}],"version-history":[{"count":1,"href":"https:\/\/blogdorogeriogomes.com.br\/noticias\/wp-json\/wp\/v2\/posts\/31908\/revisions"}],"predecessor-version":[{"id":31910,"href":"https:\/\/blogdorogeriogomes.com.br\/noticias\/wp-json\/wp\/v2\/posts\/31908\/revisions\/31910"}],"wp:featuredmedia":[{"embeddable":true,"href":"https:\/\/blogdorogeriogomes.com.br\/noticias\/wp-json\/wp\/v2\/media\/31909"}],"wp:attachment":[{"href":"https:\/\/blogdorogeriogomes.com.br\/noticias\/wp-json\/wp\/v2\/media?parent=31908"}],"wp:term":[{"taxonomy":"category","embeddable":true,"href":"https:\/\/blogdorogeriogomes.com.br\/noticias\/wp-json\/wp\/v2\/categories?post=31908"},{"taxonomy":"post_tag","embeddable":true,"href":"https:\/\/blogdorogeriogomes.com.br\/noticias\/wp-json\/wp\/v2\/tags?post=31908"}],"curies":[{"name":"wp","href":"https:\/\/api.w.org\/{rel}","templated":true}]}}