{"id":31911,"date":"2024-03-12T10:50:43","date_gmt":"2024-03-12T10:50:43","guid":{"rendered":"https:\/\/blogdorogeriogomes.com.br\/noticias\/?p=31911"},"modified":"2024-03-12T10:50:44","modified_gmt":"2024-03-12T10:50:44","slug":"lula-mantem-presidente-da-petrobras-e-arbitra-sobre-distribuicao-de-dividendos-extras-para-acionistas","status":"publish","type":"post","link":"https:\/\/blogdorogeriogomes.com.br\/noticias\/2024\/03\/lula-mantem-presidente-da-petrobras-e-arbitra-sobre-distribuicao-de-dividendos-extras-para-acionistas\/","title":{"rendered":"Lula mant\u00e9m presidente da Petrobras e arbitra sobre distribui\u00e7\u00e3o de dividendos extras para acionistas"},"content":{"rendered":"\n<p>Ap\u00f3s um encontro com o presidente Lula e ministros, o presidente da Petrobras, Jean Paul Prates, reafirmou sua perman\u00eancia no cargo. O encontro, que se estendeu por mais de tr\u00eas horas, contou com a participa\u00e7\u00e3o dos ministros de Minas e Energia, Alexandre Silveira, e da Fazenda, Fernando Haddad, para discutir a decis\u00e3o da estatal de n\u00e3o distribuir dividendos extras aos acionistas.<\/p>\n\n\n\n<p>Quanto \u00e0 pol\u00eamica dos dividendos, Prates disse que o assunto agora \u00e9 de responsabilidade do ministro de Minas e Energia, Alexandre Silveira.\u00a0A decis\u00e3o de reter os dividendos tem sido alvo de controv\u00e9rsia, com a ala liderada pelo ministro Alexandre Silveira defendendo a manuten\u00e7\u00e3o desse recurso em um fundo de reserva. O governo det\u00e9m a maioria no Conselho de Administra\u00e7\u00e3o da empresa, com seis dos onze conselheiros.<\/p>\n\n\n\n<p>Lula arbitrou que a empresa n\u00e3o pagaria dividendos extras, apoiando a posi\u00e7\u00e3o de Silveira, que conta com o respaldo do ministro da Casa Civil, Rui Costa. Esta ala do governo argumenta que a reten\u00e7\u00e3o preserva o fluxo de caixa da Petrobras, sem abrir m\u00e3o do compromisso futuro de pagamento de dividendos, possibilitando uma revis\u00e3o da decis\u00e3o posteriormente. Por outro lado, Prates defende que a n\u00e3o distribui\u00e7\u00e3o dos dividendos extras poderia afetar o valor de mercado da Petrobras, afirmando que n\u00e3o h\u00e1 riscos em realizar esses pagamentos.<\/p>\n\n\n\n<figure class=\"wp-block-image size-large\"><img loading=\"lazy\" decoding=\"async\" width=\"1024\" height=\"582\" src=\"https:\/\/blogdorogeriogomes.com.br\/noticias\/wp-content\/uploads\/2024\/03\/IMG-20240312-WA0014-1024x582.jpg\" alt=\"\" class=\"wp-image-31912\" srcset=\"https:\/\/blogdorogeriogomes.com.br\/noticias\/wp-content\/uploads\/2024\/03\/IMG-20240312-WA0014-1024x582.jpg 1024w, https:\/\/blogdorogeriogomes.com.br\/noticias\/wp-content\/uploads\/2024\/03\/IMG-20240312-WA0014-300x171.jpg 300w, https:\/\/blogdorogeriogomes.com.br\/noticias\/wp-content\/uploads\/2024\/03\/IMG-20240312-WA0014-768x437.jpg 768w, https:\/\/blogdorogeriogomes.com.br\/noticias\/wp-content\/uploads\/2024\/03\/IMG-20240312-WA0014-800x455.jpg 800w, https:\/\/blogdorogeriogomes.com.br\/noticias\/wp-content\/uploads\/2024\/03\/IMG-20240312-WA0014.jpg 1080w\" sizes=\"auto, (max-width: 1024px) 100vw, 1024px\" \/><\/figure>\n","protected":false},"excerpt":{"rendered":"<p>Ap\u00f3s um encontro com o presidente Lula e ministros, o presidente da Petrobras, Jean Paul Prates, reafirmou sua perman\u00eancia no cargo. O encontro, que se estendeu por mais de tr\u00eas horas, contou com a participa\u00e7\u00e3o dos ministros de Minas e Energia, Alexandre Silveira, e da Fazenda, Fernando Haddad, para discutir a decis\u00e3o da estatal de n\u00e3o distribuir dividendos extras aos acionistas. Quanto \u00e0 pol\u00eamica dos dividendos, Prates disse que o assunto agora \u00e9 de responsabilidade do ministro de Minas&hellip;<\/p>\n","protected":false},"author":1,"featured_media":31912,"comment_status":"open","ping_status":"open","sticky":false,"template":"","format":"standard","meta":{"footnotes":""},"categories":[1],"tags":[],"class_list":["post-31911","post","type-post","status-publish","format-standard","has-post-thumbnail","hentry","category-noticias"],"_links":{"self":[{"href":"https:\/\/blogdorogeriogomes.com.br\/noticias\/wp-json\/wp\/v2\/posts\/31911","targetHints":{"allow":["GET"]}}],"collection":[{"href":"https:\/\/blogdorogeriogomes.com.br\/noticias\/wp-json\/wp\/v2\/posts"}],"about":[{"href":"https:\/\/blogdorogeriogomes.com.br\/noticias\/wp-json\/wp\/v2\/types\/post"}],"author":[{"embeddable":true,"href":"https:\/\/blogdorogeriogomes.com.br\/noticias\/wp-json\/wp\/v2\/users\/1"}],"replies":[{"embeddable":true,"href":"https:\/\/blogdorogeriogomes.com.br\/noticias\/wp-json\/wp\/v2\/comments?post=31911"}],"version-history":[{"count":1,"href":"https:\/\/blogdorogeriogomes.com.br\/noticias\/wp-json\/wp\/v2\/posts\/31911\/revisions"}],"predecessor-version":[{"id":31913,"href":"https:\/\/blogdorogeriogomes.com.br\/noticias\/wp-json\/wp\/v2\/posts\/31911\/revisions\/31913"}],"wp:featuredmedia":[{"embeddable":true,"href":"https:\/\/blogdorogeriogomes.com.br\/noticias\/wp-json\/wp\/v2\/media\/31912"}],"wp:attachment":[{"href":"https:\/\/blogdorogeriogomes.com.br\/noticias\/wp-json\/wp\/v2\/media?parent=31911"}],"wp:term":[{"taxonomy":"category","embeddable":true,"href":"https:\/\/blogdorogeriogomes.com.br\/noticias\/wp-json\/wp\/v2\/categories?post=31911"},{"taxonomy":"post_tag","embeddable":true,"href":"https:\/\/blogdorogeriogomes.com.br\/noticias\/wp-json\/wp\/v2\/tags?post=31911"}],"curies":[{"name":"wp","href":"https:\/\/api.w.org\/{rel}","templated":true}]}}