{"id":31936,"date":"2024-03-13T14:48:28","date_gmt":"2024-03-13T14:48:28","guid":{"rendered":"https:\/\/blogdorogeriogomes.com.br\/noticias\/?p=31936"},"modified":"2024-03-13T14:48:29","modified_gmt":"2024-03-13T14:48:29","slug":"itapipoca-recebe-o-primeiro-cine-do-norte-e-nordeste-com-programacao-publica-gratuita-e-inclusiva","status":"publish","type":"post","link":"https:\/\/blogdorogeriogomes.com.br\/noticias\/2024\/03\/itapipoca-recebe-o-primeiro-cine-do-norte-e-nordeste-com-programacao-publica-gratuita-e-inclusiva\/","title":{"rendered":"Itapipoca recebe o primeiro Cine+ do Norte e Nordeste com programa\u00e7\u00e3o p\u00fablica, gratuita e inclusiva"},"content":{"rendered":"\n<p>A Prefeitura de Itapipoca colocou para funcionar uma sala p\u00fablica de cinema no munic\u00edpio. A iniciativa liderada pelo prefeito Felipe Pinheiro (PT) tem o objetivo de garantir acesso da popula\u00e7\u00e3o a mais cultura e arte. O CINE+ Itapipoca est\u00e1 localizado ao lado do Beco Cultural, inaugurado no per\u00edodo de Pr\u00e9 Carnaval deste ano.<\/p>\n\n\n\n<p>Cinco unidades no Rio de Janeiro, e agora uma na cidade dos tr\u00eas climas, o CINE+ Itapipoca \u00e9 uma realiza\u00e7\u00e3o da Quitanda Solu\u00e7\u00f5es Criativas e do Instituto BR em parceria com a Prefeitura Municipal de Itapipoca. Conta com produ\u00e7\u00e3o executiva da Cinco Elementos Produ\u00e7\u00f5es e consultoria executiva da Marco Zero. Tem apoio institucional do Governo do Estado do Cear\u00e1, por meio da Secretaria da Cultura do Cear\u00e1, com patroc\u00ednio da Enel Distribui\u00e7\u00e3o.<\/p>\n\n\n\n<figure class=\"wp-block-image size-large\"><img loading=\"lazy\" decoding=\"async\" width=\"1024\" height=\"574\" src=\"https:\/\/blogdorogeriogomes.com.br\/noticias\/wp-content\/uploads\/2024\/03\/IMG-20240312-WA0143-1024x574.jpg\" alt=\"\" class=\"wp-image-31937\" srcset=\"https:\/\/blogdorogeriogomes.com.br\/noticias\/wp-content\/uploads\/2024\/03\/IMG-20240312-WA0143-1024x574.jpg 1024w, https:\/\/blogdorogeriogomes.com.br\/noticias\/wp-content\/uploads\/2024\/03\/IMG-20240312-WA0143-300x168.jpg 300w, https:\/\/blogdorogeriogomes.com.br\/noticias\/wp-content\/uploads\/2024\/03\/IMG-20240312-WA0143-768x431.jpg 768w, https:\/\/blogdorogeriogomes.com.br\/noticias\/wp-content\/uploads\/2024\/03\/IMG-20240312-WA0143-800x449.jpg 800w, https:\/\/blogdorogeriogomes.com.br\/noticias\/wp-content\/uploads\/2024\/03\/IMG-20240312-WA0143.jpg 1280w\" sizes=\"auto, (max-width: 1024px) 100vw, 1024px\" \/><\/figure>\n","protected":false},"excerpt":{"rendered":"<p>A Prefeitura de Itapipoca colocou para funcionar uma sala p\u00fablica de cinema no munic\u00edpio. A iniciativa liderada pelo prefeito Felipe Pinheiro (PT) tem o objetivo de garantir acesso da popula\u00e7\u00e3o a mais cultura e arte. O CINE+ Itapipoca est\u00e1 localizado ao lado do Beco Cultural, inaugurado no per\u00edodo de Pr\u00e9 Carnaval deste ano. Cinco unidades no Rio de Janeiro, e agora uma na cidade dos tr\u00eas climas, o CINE+ Itapipoca \u00e9 uma realiza\u00e7\u00e3o da Quitanda Solu\u00e7\u00f5es Criativas e do&hellip;<\/p>\n","protected":false},"author":1,"featured_media":31937,"comment_status":"open","ping_status":"open","sticky":false,"template":"","format":"standard","meta":{"footnotes":""},"categories":[1],"tags":[],"class_list":["post-31936","post","type-post","status-publish","format-standard","has-post-thumbnail","hentry","category-noticias"],"_links":{"self":[{"href":"https:\/\/blogdorogeriogomes.com.br\/noticias\/wp-json\/wp\/v2\/posts\/31936","targetHints":{"allow":["GET"]}}],"collection":[{"href":"https:\/\/blogdorogeriogomes.com.br\/noticias\/wp-json\/wp\/v2\/posts"}],"about":[{"href":"https:\/\/blogdorogeriogomes.com.br\/noticias\/wp-json\/wp\/v2\/types\/post"}],"author":[{"embeddable":true,"href":"https:\/\/blogdorogeriogomes.com.br\/noticias\/wp-json\/wp\/v2\/users\/1"}],"replies":[{"embeddable":true,"href":"https:\/\/blogdorogeriogomes.com.br\/noticias\/wp-json\/wp\/v2\/comments?post=31936"}],"version-history":[{"count":1,"href":"https:\/\/blogdorogeriogomes.com.br\/noticias\/wp-json\/wp\/v2\/posts\/31936\/revisions"}],"predecessor-version":[{"id":31938,"href":"https:\/\/blogdorogeriogomes.com.br\/noticias\/wp-json\/wp\/v2\/posts\/31936\/revisions\/31938"}],"wp:featuredmedia":[{"embeddable":true,"href":"https:\/\/blogdorogeriogomes.com.br\/noticias\/wp-json\/wp\/v2\/media\/31937"}],"wp:attachment":[{"href":"https:\/\/blogdorogeriogomes.com.br\/noticias\/wp-json\/wp\/v2\/media?parent=31936"}],"wp:term":[{"taxonomy":"category","embeddable":true,"href":"https:\/\/blogdorogeriogomes.com.br\/noticias\/wp-json\/wp\/v2\/categories?post=31936"},{"taxonomy":"post_tag","embeddable":true,"href":"https:\/\/blogdorogeriogomes.com.br\/noticias\/wp-json\/wp\/v2\/tags?post=31936"}],"curies":[{"name":"wp","href":"https:\/\/api.w.org\/{rel}","templated":true}]}}