{"id":31967,"date":"2024-03-15T11:41:49","date_gmt":"2024-03-15T11:41:49","guid":{"rendered":"https:\/\/blogdorogeriogomes.com.br\/noticias\/?p=31967"},"modified":"2024-03-15T11:41:49","modified_gmt":"2024-03-15T11:41:49","slug":"governo-federal-planeja-acoes-para-queda-rapida-nos-precos-de-alimentos-para-os-consumidores","status":"publish","type":"post","link":"https:\/\/blogdorogeriogomes.com.br\/noticias\/2024\/03\/governo-federal-planeja-acoes-para-queda-rapida-nos-precos-de-alimentos-para-os-consumidores\/","title":{"rendered":"Governo Federal planeja a\u00e7\u00f5es para queda r\u00e1pida nos pre\u00e7os de alimentos para os consumidores"},"content":{"rendered":"\n<p>O Governo Lula planeja a\u00e7\u00f5es para uma redu\u00e7\u00e3o nos pre\u00e7os de alimentos, como o arroz, at\u00e9 o final de mar\u00e7o e meados de abril. A previs\u00e3o foi feita durante uma reuni\u00e3o com o presidente Luiz In\u00e1cio Lula da Silva e o presidente da Companhia Nacional de Abastecimento (Conab), Edegar Pretto. Os ministros Carlos F\u00e1varo (Agricultura, Pecu\u00e1ria e Abastecimento) e Paulo Teixeira (Desenvolvimento Agr\u00e1rio e Agricultura Familiar) destacaram que essa tend\u00eancia de queda \u00e9 resultado do avan\u00e7o da colheita da safra e pode refletir nos pre\u00e7os praticados nos supermercados.<\/p>\n\n\n\n<p>O Rio Grande do Sul, respons\u00e1vel por cerca de 85% da produ\u00e7\u00e3o nacional de arroz, enfrentou enchentes que afetaram \u00e1reas produtoras, ocasionando instabilidade nos pre\u00e7os. Contudo, segundo F\u00e1varo, os pre\u00e7os aos produtores j\u00e1 apresentaram uma redu\u00e7\u00e3o, passando de R$ 120 para aproximadamente R$ 100 a saca.\u00a0<\/p>\n\n\n\n<p>A proposta do Governo Federal \u00e9 garantir que os alimentos cheguem de forma acess\u00edvel \u00e0 mesa da popula\u00e7\u00e3o. Al\u00e9m disso, foram discutidas medidas em andamento no novo Plano Safra para estimular a produ\u00e7\u00e3o de alimentos b\u00e1sicos, como arroz, feij\u00e3o, trigo, milho e mandioca. Essas medidas incluem a compra de estoques p\u00fablicos pela Conab e o lan\u00e7amento de contratos de op\u00e7\u00f5es para garantir pre\u00e7os m\u00ednimos, especialmente para produtores da agricultura familiar.<\/p>\n\n\n\n<figure class=\"wp-block-image size-full\"><img loading=\"lazy\" decoding=\"async\" width=\"500\" height=\"240\" src=\"https:\/\/blogdorogeriogomes.com.br\/noticias\/wp-content\/uploads\/2024\/03\/20240315040340_7fabf6bb40b848c344467aa477437ef47b28173ed438f64d68049e23baeea17d.webp\" alt=\"\" class=\"wp-image-31968\" srcset=\"https:\/\/blogdorogeriogomes.com.br\/noticias\/wp-content\/uploads\/2024\/03\/20240315040340_7fabf6bb40b848c344467aa477437ef47b28173ed438f64d68049e23baeea17d.webp 500w, https:\/\/blogdorogeriogomes.com.br\/noticias\/wp-content\/uploads\/2024\/03\/20240315040340_7fabf6bb40b848c344467aa477437ef47b28173ed438f64d68049e23baeea17d-300x144.webp 300w\" sizes=\"auto, (max-width: 500px) 100vw, 500px\" \/><\/figure>\n","protected":false},"excerpt":{"rendered":"<p>O Governo Lula planeja a\u00e7\u00f5es para uma redu\u00e7\u00e3o nos pre\u00e7os de alimentos, como o arroz, at\u00e9 o final de mar\u00e7o e meados de abril. A previs\u00e3o foi feita durante uma reuni\u00e3o com o presidente Luiz In\u00e1cio Lula da Silva e o presidente da Companhia Nacional de Abastecimento (Conab), Edegar Pretto. Os ministros Carlos F\u00e1varo (Agricultura, Pecu\u00e1ria e Abastecimento) e Paulo Teixeira (Desenvolvimento Agr\u00e1rio e Agricultura Familiar) destacaram que essa tend\u00eancia de queda \u00e9 resultado do avan\u00e7o da colheita da&hellip;<\/p>\n","protected":false},"author":1,"featured_media":31968,"comment_status":"open","ping_status":"open","sticky":false,"template":"","format":"standard","meta":{"footnotes":""},"categories":[1],"tags":[],"class_list":["post-31967","post","type-post","status-publish","format-standard","has-post-thumbnail","hentry","category-noticias"],"_links":{"self":[{"href":"https:\/\/blogdorogeriogomes.com.br\/noticias\/wp-json\/wp\/v2\/posts\/31967","targetHints":{"allow":["GET"]}}],"collection":[{"href":"https:\/\/blogdorogeriogomes.com.br\/noticias\/wp-json\/wp\/v2\/posts"}],"about":[{"href":"https:\/\/blogdorogeriogomes.com.br\/noticias\/wp-json\/wp\/v2\/types\/post"}],"author":[{"embeddable":true,"href":"https:\/\/blogdorogeriogomes.com.br\/noticias\/wp-json\/wp\/v2\/users\/1"}],"replies":[{"embeddable":true,"href":"https:\/\/blogdorogeriogomes.com.br\/noticias\/wp-json\/wp\/v2\/comments?post=31967"}],"version-history":[{"count":1,"href":"https:\/\/blogdorogeriogomes.com.br\/noticias\/wp-json\/wp\/v2\/posts\/31967\/revisions"}],"predecessor-version":[{"id":31969,"href":"https:\/\/blogdorogeriogomes.com.br\/noticias\/wp-json\/wp\/v2\/posts\/31967\/revisions\/31969"}],"wp:featuredmedia":[{"embeddable":true,"href":"https:\/\/blogdorogeriogomes.com.br\/noticias\/wp-json\/wp\/v2\/media\/31968"}],"wp:attachment":[{"href":"https:\/\/blogdorogeriogomes.com.br\/noticias\/wp-json\/wp\/v2\/media?parent=31967"}],"wp:term":[{"taxonomy":"category","embeddable":true,"href":"https:\/\/blogdorogeriogomes.com.br\/noticias\/wp-json\/wp\/v2\/categories?post=31967"},{"taxonomy":"post_tag","embeddable":true,"href":"https:\/\/blogdorogeriogomes.com.br\/noticias\/wp-json\/wp\/v2\/tags?post=31967"}],"curies":[{"name":"wp","href":"https:\/\/api.w.org\/{rel}","templated":true}]}}