{"id":31976,"date":"2024-03-16T12:18:25","date_gmt":"2024-03-16T12:18:25","guid":{"rendered":"https:\/\/blogdorogeriogomes.com.br\/noticias\/?p=31976"},"modified":"2024-03-16T12:18:26","modified_gmt":"2024-03-16T12:18:26","slug":"garantia-safra-sera-pago-a-partir-deste-mes-e-ira-beneficiar-quase-80-mil-agricultores-cearenses","status":"publish","type":"post","link":"https:\/\/blogdorogeriogomes.com.br\/noticias\/2024\/03\/garantia-safra-sera-pago-a-partir-deste-mes-e-ira-beneficiar-quase-80-mil-agricultores-cearenses\/","title":{"rendered":"Garantia Safra ser\u00e1 pago a partir deste m\u00eas e ir\u00e1 beneficiar quase 80 mil agricultores cearenses"},"content":{"rendered":"\n<p>O Governo Federal anunciou o pagamento do programa Garantia-Safra a quase 80 mil benefici\u00e1rios cearenses no m\u00eas de mar\u00e7o. O objetivo \u00e9 dar suporte a agricultores cearenses que tiveram perda em suas produ\u00e7\u00f5es no per\u00edodo 2022\/2023. O governador Elmano de Freitas, que ano passado trabalhou para a ades\u00e3o ao programa por parte das prefeituras, comemorou a chegada do benef\u00edcio para pequenos agricultores de 77 munic\u00edpios.<\/p>\n\n\n\n<p>Neste m\u00eas, ser\u00e3o beneficiados 78.640 agricultores cearenses com renda mensal de at\u00e9 um sal\u00e1rio m\u00ednimo e meio, que tiveram perdas de produ\u00e7\u00e3o em seus munic\u00edpios igual ou superior a 50%. Pol\u00edtica p\u00fablica criada em 2002, o Garantia Safra assegura benef\u00edcio social de uma renda m\u00ednima, por tempo determinado, aos agricultores familiares em caso de perda da safra no contexto da seca ou excesso h\u00eddrico. A ades\u00e3o \u00e9 realizada anualmente em parceria com munic\u00edpios, Estado e a Uni\u00e3o, por meio do Minist\u00e9rio do Desenvolvimento Agr\u00e1rio e Agricultura Familiar (MDA).<\/p>\n\n\n\n<figure class=\"wp-block-image size-large\"><img loading=\"lazy\" decoding=\"async\" width=\"1024\" height=\"683\" src=\"https:\/\/blogdorogeriogomes.com.br\/noticias\/wp-content\/uploads\/2024\/03\/00531ce7-19bb-4940-9448-3a36c7caaa96-1200x800-1-1024x683.jpg\" alt=\"\" class=\"wp-image-31977\" srcset=\"https:\/\/blogdorogeriogomes.com.br\/noticias\/wp-content\/uploads\/2024\/03\/00531ce7-19bb-4940-9448-3a36c7caaa96-1200x800-1-1024x683.jpg 1024w, https:\/\/blogdorogeriogomes.com.br\/noticias\/wp-content\/uploads\/2024\/03\/00531ce7-19bb-4940-9448-3a36c7caaa96-1200x800-1-300x200.jpg 300w, https:\/\/blogdorogeriogomes.com.br\/noticias\/wp-content\/uploads\/2024\/03\/00531ce7-19bb-4940-9448-3a36c7caaa96-1200x800-1-768x512.jpg 768w, https:\/\/blogdorogeriogomes.com.br\/noticias\/wp-content\/uploads\/2024\/03\/00531ce7-19bb-4940-9448-3a36c7caaa96-1200x800-1-800x533.jpg 800w, https:\/\/blogdorogeriogomes.com.br\/noticias\/wp-content\/uploads\/2024\/03\/00531ce7-19bb-4940-9448-3a36c7caaa96-1200x800-1.jpg 1200w\" sizes=\"auto, (max-width: 1024px) 100vw, 1024px\" \/><\/figure>\n","protected":false},"excerpt":{"rendered":"<p>O Governo Federal anunciou o pagamento do programa Garantia-Safra a quase 80 mil benefici\u00e1rios cearenses no m\u00eas de mar\u00e7o. O objetivo \u00e9 dar suporte a agricultores cearenses que tiveram perda em suas produ\u00e7\u00f5es no per\u00edodo 2022\/2023. O governador Elmano de Freitas, que ano passado trabalhou para a ades\u00e3o ao programa por parte das prefeituras, comemorou a chegada do benef\u00edcio para pequenos agricultores de 77 munic\u00edpios. Neste m\u00eas, ser\u00e3o beneficiados 78.640 agricultores cearenses com renda mensal de at\u00e9 um sal\u00e1rio&hellip;<\/p>\n","protected":false},"author":1,"featured_media":31977,"comment_status":"open","ping_status":"open","sticky":false,"template":"","format":"standard","meta":{"footnotes":""},"categories":[1],"tags":[],"class_list":["post-31976","post","type-post","status-publish","format-standard","has-post-thumbnail","hentry","category-noticias"],"_links":{"self":[{"href":"https:\/\/blogdorogeriogomes.com.br\/noticias\/wp-json\/wp\/v2\/posts\/31976","targetHints":{"allow":["GET"]}}],"collection":[{"href":"https:\/\/blogdorogeriogomes.com.br\/noticias\/wp-json\/wp\/v2\/posts"}],"about":[{"href":"https:\/\/blogdorogeriogomes.com.br\/noticias\/wp-json\/wp\/v2\/types\/post"}],"author":[{"embeddable":true,"href":"https:\/\/blogdorogeriogomes.com.br\/noticias\/wp-json\/wp\/v2\/users\/1"}],"replies":[{"embeddable":true,"href":"https:\/\/blogdorogeriogomes.com.br\/noticias\/wp-json\/wp\/v2\/comments?post=31976"}],"version-history":[{"count":1,"href":"https:\/\/blogdorogeriogomes.com.br\/noticias\/wp-json\/wp\/v2\/posts\/31976\/revisions"}],"predecessor-version":[{"id":31978,"href":"https:\/\/blogdorogeriogomes.com.br\/noticias\/wp-json\/wp\/v2\/posts\/31976\/revisions\/31978"}],"wp:featuredmedia":[{"embeddable":true,"href":"https:\/\/blogdorogeriogomes.com.br\/noticias\/wp-json\/wp\/v2\/media\/31977"}],"wp:attachment":[{"href":"https:\/\/blogdorogeriogomes.com.br\/noticias\/wp-json\/wp\/v2\/media?parent=31976"}],"wp:term":[{"taxonomy":"category","embeddable":true,"href":"https:\/\/blogdorogeriogomes.com.br\/noticias\/wp-json\/wp\/v2\/categories?post=31976"},{"taxonomy":"post_tag","embeddable":true,"href":"https:\/\/blogdorogeriogomes.com.br\/noticias\/wp-json\/wp\/v2\/tags?post=31976"}],"curies":[{"name":"wp","href":"https:\/\/api.w.org\/{rel}","templated":true}]}}