{"id":31982,"date":"2024-03-16T12:50:07","date_gmt":"2024-03-16T12:50:07","guid":{"rendered":"https:\/\/blogdorogeriogomes.com.br\/noticias\/?p=31982"},"modified":"2024-03-16T12:50:08","modified_gmt":"2024-03-16T12:50:08","slug":"ceara-deve-ter-chuvas-em-todas-as-regioes-ate-proxima-segunda-feira-diz-funceme","status":"publish","type":"post","link":"https:\/\/blogdorogeriogomes.com.br\/noticias\/2024\/03\/ceara-deve-ter-chuvas-em-todas-as-regioes-ate-proxima-segunda-feira-diz-funceme\/","title":{"rendered":"Cear\u00e1 deve ter chuvas em todas as regi\u00f5es at\u00e9 pr\u00f3xima segunda-feira, diz Funceme"},"content":{"rendered":"\n<p>O Cear\u00e1 deve seguir com chuva em todas as regi\u00f5es at\u00e9 a pr\u00f3xima segunda-feira, dia 18 de mar\u00e7o, de acordo com previs\u00e3o da Funda\u00e7\u00e3o Cearense de Meteorologia e Recursos H\u00eddricos (Funceme). O c\u00e9u deve variar de nublado a parcialmente nublado, com chuva isolada no Cariri e no sul das regi\u00f5es da Jaguaribana e Sert\u00e3o Central e Inhamuns; e com chuva nas demais regi\u00f5es.<\/p>\n\n\n\n<p>Para este s\u00e1bado, dia 16 de mar\u00e7o, a faixa litor\u00e2nea, Maci\u00e7o de Baturit\u00e9, Ibiapaba e norte do Sert\u00e3o Central e Inhamuns continuam com a previs\u00e3o de apresentarem os maiores acumulados de chuva.<\/p>\n\n\n\n<p>Fortaleza registrou o maior volume de chuvas do Cear\u00e1 nas \u00faltimas 24 horas, com 68 mil\u00edmetros. Al\u00e9m da Capital, choveu em pelo menos mais 77 munic\u00edpios cearenses.<\/p>\n\n\n\n<figure class=\"wp-block-image size-full\"><img loading=\"lazy\" decoding=\"async\" width=\"600\" height=\"400\" src=\"https:\/\/blogdorogeriogomes.com.br\/noticias\/wp-content\/uploads\/2024\/03\/images-25.jpeg\" alt=\"\" class=\"wp-image-31983\" srcset=\"https:\/\/blogdorogeriogomes.com.br\/noticias\/wp-content\/uploads\/2024\/03\/images-25.jpeg 600w, https:\/\/blogdorogeriogomes.com.br\/noticias\/wp-content\/uploads\/2024\/03\/images-25-300x200.jpeg 300w\" sizes=\"auto, (max-width: 600px) 100vw, 600px\" \/><\/figure>\n","protected":false},"excerpt":{"rendered":"<p>O Cear\u00e1 deve seguir com chuva em todas as regi\u00f5es at\u00e9 a pr\u00f3xima segunda-feira, dia 18 de mar\u00e7o, de acordo com previs\u00e3o da Funda\u00e7\u00e3o Cearense de Meteorologia e Recursos H\u00eddricos (Funceme). O c\u00e9u deve variar de nublado a parcialmente nublado, com chuva isolada no Cariri e no sul das regi\u00f5es da Jaguaribana e Sert\u00e3o Central e Inhamuns; e com chuva nas demais regi\u00f5es. Para este s\u00e1bado, dia 16 de mar\u00e7o, a faixa litor\u00e2nea, Maci\u00e7o de Baturit\u00e9, Ibiapaba e norte&hellip;<\/p>\n","protected":false},"author":1,"featured_media":31983,"comment_status":"open","ping_status":"open","sticky":false,"template":"","format":"standard","meta":{"footnotes":""},"categories":[1],"tags":[],"class_list":["post-31982","post","type-post","status-publish","format-standard","has-post-thumbnail","hentry","category-noticias"],"_links":{"self":[{"href":"https:\/\/blogdorogeriogomes.com.br\/noticias\/wp-json\/wp\/v2\/posts\/31982","targetHints":{"allow":["GET"]}}],"collection":[{"href":"https:\/\/blogdorogeriogomes.com.br\/noticias\/wp-json\/wp\/v2\/posts"}],"about":[{"href":"https:\/\/blogdorogeriogomes.com.br\/noticias\/wp-json\/wp\/v2\/types\/post"}],"author":[{"embeddable":true,"href":"https:\/\/blogdorogeriogomes.com.br\/noticias\/wp-json\/wp\/v2\/users\/1"}],"replies":[{"embeddable":true,"href":"https:\/\/blogdorogeriogomes.com.br\/noticias\/wp-json\/wp\/v2\/comments?post=31982"}],"version-history":[{"count":1,"href":"https:\/\/blogdorogeriogomes.com.br\/noticias\/wp-json\/wp\/v2\/posts\/31982\/revisions"}],"predecessor-version":[{"id":31984,"href":"https:\/\/blogdorogeriogomes.com.br\/noticias\/wp-json\/wp\/v2\/posts\/31982\/revisions\/31984"}],"wp:featuredmedia":[{"embeddable":true,"href":"https:\/\/blogdorogeriogomes.com.br\/noticias\/wp-json\/wp\/v2\/media\/31983"}],"wp:attachment":[{"href":"https:\/\/blogdorogeriogomes.com.br\/noticias\/wp-json\/wp\/v2\/media?parent=31982"}],"wp:term":[{"taxonomy":"category","embeddable":true,"href":"https:\/\/blogdorogeriogomes.com.br\/noticias\/wp-json\/wp\/v2\/categories?post=31982"},{"taxonomy":"post_tag","embeddable":true,"href":"https:\/\/blogdorogeriogomes.com.br\/noticias\/wp-json\/wp\/v2\/tags?post=31982"}],"curies":[{"name":"wp","href":"https:\/\/api.w.org\/{rel}","templated":true}]}}