{"id":31988,"date":"2024-03-18T20:11:31","date_gmt":"2024-03-18T20:11:31","guid":{"rendered":"https:\/\/blogdorogeriogomes.com.br\/noticias\/?p=31988"},"modified":"2024-03-18T20:11:31","modified_gmt":"2024-03-18T20:11:31","slug":"lula-faz-balanco-do-governo-em-reuniao-ministerial-e-traca-metas-de-crescimento-para-os-proximos-tres-anos","status":"publish","type":"post","link":"https:\/\/blogdorogeriogomes.com.br\/noticias\/2024\/03\/lula-faz-balanco-do-governo-em-reuniao-ministerial-e-traca-metas-de-crescimento-para-os-proximos-tres-anos\/","title":{"rendered":"Lula faz balan\u00e7o do Governo em reuni\u00e3o ministerial e tra\u00e7a metas de crescimento para os pr\u00f3ximos tr\u00eas anos"},"content":{"rendered":"\n<p>O presidente Lula (PT), em discurso na abertura da primeira reuni\u00e3o ministerial de 2024, nesta segunda-feira, dia 18 de mar\u00e7o, em Bras\u00edlia, tra\u00e7ou metas de crescimento econ\u00f4mico e social do Pa\u00eds para os pr\u00f3ximos tr\u00eas anos. Lula criticou o pessimismo mostrado por alguns setores da imprensa. &#8220;Esse pa\u00eds vai crescer mais em 2024, cresceu mais em 2023, vai crescer mais em 2025 e vai crescer mais em 2026. E esse crescimento significa que o povo vai melhorar de vida, e isso \u00e9 tudo aquilo que n\u00f3s queremos, e por isso estamos no governo\u201d, disse o presidente.<\/p>\n\n\n\n<p>\u00a0O balan\u00e7o do primeiro ano do terceiro mandato do presidente Luiz In\u00e1cio Lula da Silva (PT) aponta que o Brasil registrou a menor taxa de desemprego desde 2015 e o maior crescimento da massa salarial desde 1995. Al\u00e9m de ser a menor taxa de desemprego desde 2015, o \u00edndice de 2023, que foi de 7,8%, registrou queda de 19% em rela\u00e7\u00e3o ao ano de 2022.\u00a0<\/p>\n\n\n\n<p>A avalia\u00e7\u00e3o apresentada na primeira reuni\u00e3o ministerial de 2024 tamb\u00e9m apontou melhoria nos dados e indicadores das \u00e1reas de sa\u00fade, economia e educa\u00e7\u00e3o.<\/p>\n\n\n\n<figure class=\"wp-block-image size-large\"><img loading=\"lazy\" decoding=\"async\" width=\"1024\" height=\"576\" src=\"https:\/\/blogdorogeriogomes.com.br\/noticias\/wp-content\/uploads\/2024\/03\/IMG-20240318-WA0091-1024x576.jpg\" alt=\"\" class=\"wp-image-31989\" srcset=\"https:\/\/blogdorogeriogomes.com.br\/noticias\/wp-content\/uploads\/2024\/03\/IMG-20240318-WA0091-1024x576.jpg 1024w, https:\/\/blogdorogeriogomes.com.br\/noticias\/wp-content\/uploads\/2024\/03\/IMG-20240318-WA0091-300x169.jpg 300w, https:\/\/blogdorogeriogomes.com.br\/noticias\/wp-content\/uploads\/2024\/03\/IMG-20240318-WA0091-768x432.jpg 768w, https:\/\/blogdorogeriogomes.com.br\/noticias\/wp-content\/uploads\/2024\/03\/IMG-20240318-WA0091-800x450.jpg 800w, https:\/\/blogdorogeriogomes.com.br\/noticias\/wp-content\/uploads\/2024\/03\/IMG-20240318-WA0091.jpg 1080w\" sizes=\"auto, (max-width: 1024px) 100vw, 1024px\" \/><\/figure>\n","protected":false},"excerpt":{"rendered":"<p>O presidente Lula (PT), em discurso na abertura da primeira reuni\u00e3o ministerial de 2024, nesta segunda-feira, dia 18 de mar\u00e7o, em Bras\u00edlia, tra\u00e7ou metas de crescimento econ\u00f4mico e social do Pa\u00eds para os pr\u00f3ximos tr\u00eas anos. Lula criticou o pessimismo mostrado por alguns setores da imprensa. &#8220;Esse pa\u00eds vai crescer mais em 2024, cresceu mais em 2023, vai crescer mais em 2025 e vai crescer mais em 2026. E esse crescimento significa que o povo vai melhorar de vida,&hellip;<\/p>\n","protected":false},"author":1,"featured_media":31989,"comment_status":"open","ping_status":"open","sticky":false,"template":"","format":"standard","meta":{"footnotes":""},"categories":[1],"tags":[],"class_list":["post-31988","post","type-post","status-publish","format-standard","has-post-thumbnail","hentry","category-noticias"],"_links":{"self":[{"href":"https:\/\/blogdorogeriogomes.com.br\/noticias\/wp-json\/wp\/v2\/posts\/31988","targetHints":{"allow":["GET"]}}],"collection":[{"href":"https:\/\/blogdorogeriogomes.com.br\/noticias\/wp-json\/wp\/v2\/posts"}],"about":[{"href":"https:\/\/blogdorogeriogomes.com.br\/noticias\/wp-json\/wp\/v2\/types\/post"}],"author":[{"embeddable":true,"href":"https:\/\/blogdorogeriogomes.com.br\/noticias\/wp-json\/wp\/v2\/users\/1"}],"replies":[{"embeddable":true,"href":"https:\/\/blogdorogeriogomes.com.br\/noticias\/wp-json\/wp\/v2\/comments?post=31988"}],"version-history":[{"count":1,"href":"https:\/\/blogdorogeriogomes.com.br\/noticias\/wp-json\/wp\/v2\/posts\/31988\/revisions"}],"predecessor-version":[{"id":31990,"href":"https:\/\/blogdorogeriogomes.com.br\/noticias\/wp-json\/wp\/v2\/posts\/31988\/revisions\/31990"}],"wp:featuredmedia":[{"embeddable":true,"href":"https:\/\/blogdorogeriogomes.com.br\/noticias\/wp-json\/wp\/v2\/media\/31989"}],"wp:attachment":[{"href":"https:\/\/blogdorogeriogomes.com.br\/noticias\/wp-json\/wp\/v2\/media?parent=31988"}],"wp:term":[{"taxonomy":"category","embeddable":true,"href":"https:\/\/blogdorogeriogomes.com.br\/noticias\/wp-json\/wp\/v2\/categories?post=31988"},{"taxonomy":"post_tag","embeddable":true,"href":"https:\/\/blogdorogeriogomes.com.br\/noticias\/wp-json\/wp\/v2\/tags?post=31988"}],"curies":[{"name":"wp","href":"https:\/\/api.w.org\/{rel}","templated":true}]}}