{"id":31994,"date":"2024-03-19T09:41:14","date_gmt":"2024-03-19T09:41:14","guid":{"rendered":"https:\/\/blogdorogeriogomes.com.br\/noticias\/?p=31994"},"modified":"2024-03-19T09:41:15","modified_gmt":"2024-03-19T09:41:15","slug":"no-dia-de-sao-jose-elmano-de-freitas-anuncia-pacote-de-investimentos-para-o-desenvolvimento-rural","status":"publish","type":"post","link":"https:\/\/blogdorogeriogomes.com.br\/noticias\/2024\/03\/no-dia-de-sao-jose-elmano-de-freitas-anuncia-pacote-de-investimentos-para-o-desenvolvimento-rural\/","title":{"rendered":"No Dia de S\u00e3o Jos\u00e9, Elmano de Freitas anuncia pacote de investimentos para o desenvolvimento rural"},"content":{"rendered":"\n<p>O governador do Cear\u00e1, Elmano de Freitas (PT), anuncia nesta ter\u00e7a-feira, dia 19 de mar\u00e7o, quando se comemora o Dia de S\u00e3o Jos\u00e9, uma s\u00e9rie de investimentos para o desenvolvimento rural, como recursos para a pol\u00edtica de incremento e moderniza\u00e7\u00e3o da atividade agr\u00edcola, conviv\u00eancia com o semi\u00e1rido, abastecimento d\u2019\u00e1gua, aquisi\u00e7\u00e3o de alimentos, projetos produtivos e regulariza\u00e7\u00e3o fundi\u00e1ria. O conjunto de an\u00fancios ser\u00e1 oficializado em Chorozinho, na Regi\u00e3o Metropolitana de Fortaleza.<\/p>\n\n\n\n<p>No evento acontece ainda a entrega de t\u00edtulos de terra dentro do processo de universaliza\u00e7\u00e3o da regulariza\u00e7\u00e3o fundi\u00e1ria do estado do Cear\u00e1, a\u00e7\u00e3o da Secretaria do Desenvolvimento Agr\u00e1rio (SDA), por meio do instituto de desenvolvimento agr\u00e1rio (Idace), al\u00e9m da entrega de refrigeradores verticais para moderniza\u00e7\u00e3o de centrais de recebimento de produtos da agricultura familiar do programa de aquisi\u00e7\u00e3o de alimentos e sistemas de abastecimento de \u00e1gua.<\/p>\n\n\n\n<figure class=\"wp-block-image size-full\"><img loading=\"lazy\" decoding=\"async\" width=\"512\" height=\"342\" src=\"https:\/\/blogdorogeriogomes.com.br\/noticias\/wp-content\/uploads\/2024\/03\/images-27.jpeg\" alt=\"\" class=\"wp-image-31995\" srcset=\"https:\/\/blogdorogeriogomes.com.br\/noticias\/wp-content\/uploads\/2024\/03\/images-27.jpeg 512w, https:\/\/blogdorogeriogomes.com.br\/noticias\/wp-content\/uploads\/2024\/03\/images-27-300x200.jpeg 300w\" sizes=\"auto, (max-width: 512px) 100vw, 512px\" \/><\/figure>\n","protected":false},"excerpt":{"rendered":"<p>O governador do Cear\u00e1, Elmano de Freitas (PT), anuncia nesta ter\u00e7a-feira, dia 19 de mar\u00e7o, quando se comemora o Dia de S\u00e3o Jos\u00e9, uma s\u00e9rie de investimentos para o desenvolvimento rural, como recursos para a pol\u00edtica de incremento e moderniza\u00e7\u00e3o da atividade agr\u00edcola, conviv\u00eancia com o semi\u00e1rido, abastecimento d\u2019\u00e1gua, aquisi\u00e7\u00e3o de alimentos, projetos produtivos e regulariza\u00e7\u00e3o fundi\u00e1ria. O conjunto de an\u00fancios ser\u00e1 oficializado em Chorozinho, na Regi\u00e3o Metropolitana de Fortaleza. No evento acontece ainda a entrega de t\u00edtulos de&hellip;<\/p>\n","protected":false},"author":1,"featured_media":31995,"comment_status":"open","ping_status":"open","sticky":false,"template":"","format":"standard","meta":{"footnotes":""},"categories":[1],"tags":[],"class_list":["post-31994","post","type-post","status-publish","format-standard","has-post-thumbnail","hentry","category-noticias"],"_links":{"self":[{"href":"https:\/\/blogdorogeriogomes.com.br\/noticias\/wp-json\/wp\/v2\/posts\/31994","targetHints":{"allow":["GET"]}}],"collection":[{"href":"https:\/\/blogdorogeriogomes.com.br\/noticias\/wp-json\/wp\/v2\/posts"}],"about":[{"href":"https:\/\/blogdorogeriogomes.com.br\/noticias\/wp-json\/wp\/v2\/types\/post"}],"author":[{"embeddable":true,"href":"https:\/\/blogdorogeriogomes.com.br\/noticias\/wp-json\/wp\/v2\/users\/1"}],"replies":[{"embeddable":true,"href":"https:\/\/blogdorogeriogomes.com.br\/noticias\/wp-json\/wp\/v2\/comments?post=31994"}],"version-history":[{"count":1,"href":"https:\/\/blogdorogeriogomes.com.br\/noticias\/wp-json\/wp\/v2\/posts\/31994\/revisions"}],"predecessor-version":[{"id":31996,"href":"https:\/\/blogdorogeriogomes.com.br\/noticias\/wp-json\/wp\/v2\/posts\/31994\/revisions\/31996"}],"wp:featuredmedia":[{"embeddable":true,"href":"https:\/\/blogdorogeriogomes.com.br\/noticias\/wp-json\/wp\/v2\/media\/31995"}],"wp:attachment":[{"href":"https:\/\/blogdorogeriogomes.com.br\/noticias\/wp-json\/wp\/v2\/media?parent=31994"}],"wp:term":[{"taxonomy":"category","embeddable":true,"href":"https:\/\/blogdorogeriogomes.com.br\/noticias\/wp-json\/wp\/v2\/categories?post=31994"},{"taxonomy":"post_tag","embeddable":true,"href":"https:\/\/blogdorogeriogomes.com.br\/noticias\/wp-json\/wp\/v2\/tags?post=31994"}],"curies":[{"name":"wp","href":"https:\/\/api.w.org\/{rel}","templated":true}]}}