{"id":31997,"date":"2024-03-19T10:01:34","date_gmt":"2024-03-19T10:01:34","guid":{"rendered":"https:\/\/blogdorogeriogomes.com.br\/noticias\/?p=31997"},"modified":"2024-03-19T10:01:35","modified_gmt":"2024-03-19T10:01:35","slug":"pl-ganha-mais-uma-pre-candidata-a-prefeitura-de-maracanau-que-promete-disputa-animada-em-2024","status":"publish","type":"post","link":"https:\/\/blogdorogeriogomes.com.br\/noticias\/2024\/03\/pl-ganha-mais-uma-pre-candidata-a-prefeitura-de-maracanau-que-promete-disputa-animada-em-2024\/","title":{"rendered":"PL ganha mais uma pr\u00e9-candidata \u00e0 Prefeitura de Maracana\u00fa, que promete disputa animada em 2024"},"content":{"rendered":"\n<p>Depois do deputado federal J\u00fanior Mano, apoiado pelo grupo do ex-presidente estadual Acilon Gon\u00e7alves, o PL ganhou uma nova pr\u00e9-candidata \u00e0 Prefeitura de Maracana\u00fa. Trata-se da deputada estadual Dra. Silvana, que foi lan\u00e7ada pelo atual presidente do partido, o deputado estadual Carmelo Neto.<\/p>\n\n\n\n<p>O atual prefeito Roberto Pessoa (Uni\u00e3o Brasil) deve buscar o seu quarto mandato nas elei\u00e7\u00f5es deste ano. J\u00e1 os deputados estaduais J\u00falio C\u00e9sar Filho (PT), que concorreu nas duas \u00faltimas elei\u00e7\u00f5es municipais de Maracana\u00fa, e Lucinildo Frota (PDT) tamb\u00e9m est\u00e3o no p\u00e1reo para concorrer no pleito.<\/p>\n\n\n\n<figure class=\"wp-block-image size-full\"><img loading=\"lazy\" decoding=\"async\" width=\"479\" height=\"270\" src=\"https:\/\/blogdorogeriogomes.com.br\/noticias\/wp-content\/uploads\/2024\/03\/WhatsApp-Image-2024-01-05-at-16.47.03.jpeg\" alt=\"\" class=\"wp-image-31998\" srcset=\"https:\/\/blogdorogeriogomes.com.br\/noticias\/wp-content\/uploads\/2024\/03\/WhatsApp-Image-2024-01-05-at-16.47.03.jpeg 479w, https:\/\/blogdorogeriogomes.com.br\/noticias\/wp-content\/uploads\/2024\/03\/WhatsApp-Image-2024-01-05-at-16.47.03-300x169.jpeg 300w\" sizes=\"auto, (max-width: 479px) 100vw, 479px\" \/><\/figure>\n","protected":false},"excerpt":{"rendered":"<p>Depois do deputado federal J\u00fanior Mano, apoiado pelo grupo do ex-presidente estadual Acilon Gon\u00e7alves, o PL ganhou uma nova pr\u00e9-candidata \u00e0 Prefeitura de Maracana\u00fa. Trata-se da deputada estadual Dra. Silvana, que foi lan\u00e7ada pelo atual presidente do partido, o deputado estadual Carmelo Neto. O atual prefeito Roberto Pessoa (Uni\u00e3o Brasil) deve buscar o seu quarto mandato nas elei\u00e7\u00f5es deste ano. J\u00e1 os deputados estaduais J\u00falio C\u00e9sar Filho (PT), que concorreu nas duas \u00faltimas elei\u00e7\u00f5es municipais de Maracana\u00fa, e Lucinildo&hellip;<\/p>\n","protected":false},"author":1,"featured_media":31999,"comment_status":"open","ping_status":"open","sticky":false,"template":"","format":"standard","meta":{"footnotes":""},"categories":[1],"tags":[],"class_list":["post-31997","post","type-post","status-publish","format-standard","has-post-thumbnail","hentry","category-noticias"],"_links":{"self":[{"href":"https:\/\/blogdorogeriogomes.com.br\/noticias\/wp-json\/wp\/v2\/posts\/31997","targetHints":{"allow":["GET"]}}],"collection":[{"href":"https:\/\/blogdorogeriogomes.com.br\/noticias\/wp-json\/wp\/v2\/posts"}],"about":[{"href":"https:\/\/blogdorogeriogomes.com.br\/noticias\/wp-json\/wp\/v2\/types\/post"}],"author":[{"embeddable":true,"href":"https:\/\/blogdorogeriogomes.com.br\/noticias\/wp-json\/wp\/v2\/users\/1"}],"replies":[{"embeddable":true,"href":"https:\/\/blogdorogeriogomes.com.br\/noticias\/wp-json\/wp\/v2\/comments?post=31997"}],"version-history":[{"count":1,"href":"https:\/\/blogdorogeriogomes.com.br\/noticias\/wp-json\/wp\/v2\/posts\/31997\/revisions"}],"predecessor-version":[{"id":32000,"href":"https:\/\/blogdorogeriogomes.com.br\/noticias\/wp-json\/wp\/v2\/posts\/31997\/revisions\/32000"}],"wp:featuredmedia":[{"embeddable":true,"href":"https:\/\/blogdorogeriogomes.com.br\/noticias\/wp-json\/wp\/v2\/media\/31999"}],"wp:attachment":[{"href":"https:\/\/blogdorogeriogomes.com.br\/noticias\/wp-json\/wp\/v2\/media?parent=31997"}],"wp:term":[{"taxonomy":"category","embeddable":true,"href":"https:\/\/blogdorogeriogomes.com.br\/noticias\/wp-json\/wp\/v2\/categories?post=31997"},{"taxonomy":"post_tag","embeddable":true,"href":"https:\/\/blogdorogeriogomes.com.br\/noticias\/wp-json\/wp\/v2\/tags?post=31997"}],"curies":[{"name":"wp","href":"https:\/\/api.w.org\/{rel}","templated":true}]}}