{"id":32001,"date":"2024-03-19T10:31:48","date_gmt":"2024-03-19T10:31:48","guid":{"rendered":"https:\/\/blogdorogeriogomes.com.br\/noticias\/?p=32001"},"modified":"2024-03-19T10:31:48","modified_gmt":"2024-03-19T10:31:48","slug":"sob-forte-pressao-politica-ministra-da-saude-exonera-diretor-do-departamento-de-gestao-hospitalar-e-demite-secretario-de-atencao-especializada-a-saude","status":"publish","type":"post","link":"https:\/\/blogdorogeriogomes.com.br\/noticias\/2024\/03\/sob-forte-pressao-politica-ministra-da-saude-exonera-diretor-do-departamento-de-gestao-hospitalar-e-demite-secretario-de-atencao-especializada-a-saude\/","title":{"rendered":"Sob forte press\u00e3o pol\u00edtica, ministra da Sa\u00fade exonera diretor do Departamento de Gest\u00e3o Hospitalar e demite secret\u00e1rio de Aten\u00e7\u00e3o Especializada \u00e0 Sa\u00fade"},"content":{"rendered":"\n<p>Ap\u00f3s a ministra da Sa\u00fade, N\u00edsia Trindade, anunciar nesta segunda-feira, dia 18 de mar\u00e7o, a exonera\u00e7\u00e3o de Alexandre Telles, diretor do Departamento de Gest\u00e3o Hospitalar da pasta, o an\u00fancio da demiss\u00e3o do secret\u00e1rio nacional de Aten\u00e7\u00e3o Especializada \u00e0 Sa\u00fade, Helv\u00e9cio Magalh\u00e3es, tamb\u00e9m ocorreu.\u00a0As mudan\u00e7as t\u00eam rela\u00e7\u00e3o com den\u00fancias de descaso, apadrinhamentos e nomea\u00e7\u00f5es sem crit\u00e9rios t\u00e9cnicos em hospitais federais do Rio de Janeiro.<\/p>\n\n\n\n<p>Na reuni\u00e3o ministerial com o presidente Lula, nesta segunda-feira, N\u00edsia tratou sobre as recentes crises que o Minist\u00e9rio da Sa\u00fade vem enfrentando. Ela chegou a abordar sobre a epidemia de dengue no pa\u00eds, o n\u00famero de mortes yanomami e tamb\u00e9m sobre a situa\u00e7\u00e3o dos hospitais federais no Rio de Janeiro.<\/p>\n\n\n\n<p>A chefe da pasta ainda afirmou que sofre muita press\u00e3o pol\u00edtica e que \u00e9 cobrada para falar grosso, mas continuar\u00e1 conversando com \u201ccontund\u00eancia\u201d. Alguns partidos da base reivindicam o Minist\u00e9rio da Sa\u00fade, mas Lula optou por N\u00edsia Trindade pelo crit\u00e9rio de compet\u00eancia t\u00e9cnica.<\/p>\n\n\n\n<figure class=\"wp-block-image size-full\"><img loading=\"lazy\" decoding=\"async\" width=\"500\" height=\"240\" src=\"https:\/\/blogdorogeriogomes.com.br\/noticias\/wp-content\/uploads\/2024\/03\/20230809140844_ed0bc709f8510207f2c159d8f6f1cd74d49ce52b9ed1beacb4ce4acf3ed183a1.webp\" alt=\"\" class=\"wp-image-32002\" srcset=\"https:\/\/blogdorogeriogomes.com.br\/noticias\/wp-content\/uploads\/2024\/03\/20230809140844_ed0bc709f8510207f2c159d8f6f1cd74d49ce52b9ed1beacb4ce4acf3ed183a1.webp 500w, https:\/\/blogdorogeriogomes.com.br\/noticias\/wp-content\/uploads\/2024\/03\/20230809140844_ed0bc709f8510207f2c159d8f6f1cd74d49ce52b9ed1beacb4ce4acf3ed183a1-300x144.webp 300w\" sizes=\"auto, (max-width: 500px) 100vw, 500px\" \/><\/figure>\n","protected":false},"excerpt":{"rendered":"<p>Ap\u00f3s a ministra da Sa\u00fade, N\u00edsia Trindade, anunciar nesta segunda-feira, dia 18 de mar\u00e7o, a exonera\u00e7\u00e3o de Alexandre Telles, diretor do Departamento de Gest\u00e3o Hospitalar da pasta, o an\u00fancio da demiss\u00e3o do secret\u00e1rio nacional de Aten\u00e7\u00e3o Especializada \u00e0 Sa\u00fade, Helv\u00e9cio Magalh\u00e3es, tamb\u00e9m ocorreu.\u00a0As mudan\u00e7as t\u00eam rela\u00e7\u00e3o com den\u00fancias de descaso, apadrinhamentos e nomea\u00e7\u00f5es sem crit\u00e9rios t\u00e9cnicos em hospitais federais do Rio de Janeiro. Na reuni\u00e3o ministerial com o presidente Lula, nesta segunda-feira, N\u00edsia tratou sobre as recentes crises que&hellip;<\/p>\n","protected":false},"author":1,"featured_media":32002,"comment_status":"open","ping_status":"open","sticky":false,"template":"","format":"standard","meta":{"footnotes":""},"categories":[1],"tags":[],"class_list":["post-32001","post","type-post","status-publish","format-standard","has-post-thumbnail","hentry","category-noticias"],"_links":{"self":[{"href":"https:\/\/blogdorogeriogomes.com.br\/noticias\/wp-json\/wp\/v2\/posts\/32001","targetHints":{"allow":["GET"]}}],"collection":[{"href":"https:\/\/blogdorogeriogomes.com.br\/noticias\/wp-json\/wp\/v2\/posts"}],"about":[{"href":"https:\/\/blogdorogeriogomes.com.br\/noticias\/wp-json\/wp\/v2\/types\/post"}],"author":[{"embeddable":true,"href":"https:\/\/blogdorogeriogomes.com.br\/noticias\/wp-json\/wp\/v2\/users\/1"}],"replies":[{"embeddable":true,"href":"https:\/\/blogdorogeriogomes.com.br\/noticias\/wp-json\/wp\/v2\/comments?post=32001"}],"version-history":[{"count":1,"href":"https:\/\/blogdorogeriogomes.com.br\/noticias\/wp-json\/wp\/v2\/posts\/32001\/revisions"}],"predecessor-version":[{"id":32003,"href":"https:\/\/blogdorogeriogomes.com.br\/noticias\/wp-json\/wp\/v2\/posts\/32001\/revisions\/32003"}],"wp:featuredmedia":[{"embeddable":true,"href":"https:\/\/blogdorogeriogomes.com.br\/noticias\/wp-json\/wp\/v2\/media\/32002"}],"wp:attachment":[{"href":"https:\/\/blogdorogeriogomes.com.br\/noticias\/wp-json\/wp\/v2\/media?parent=32001"}],"wp:term":[{"taxonomy":"category","embeddable":true,"href":"https:\/\/blogdorogeriogomes.com.br\/noticias\/wp-json\/wp\/v2\/categories?post=32001"},{"taxonomy":"post_tag","embeddable":true,"href":"https:\/\/blogdorogeriogomes.com.br\/noticias\/wp-json\/wp\/v2\/tags?post=32001"}],"curies":[{"name":"wp","href":"https:\/\/api.w.org\/{rel}","templated":true}]}}