{"id":32005,"date":"2024-03-19T12:59:33","date_gmt":"2024-03-19T12:59:33","guid":{"rendered":"https:\/\/blogdorogeriogomes.com.br\/noticias\/?p=32005"},"modified":"2024-03-19T12:59:33","modified_gmt":"2024-03-19T12:59:33","slug":"policia-federal-indicia-jair-bolsonaro-mauro-cid-e-deputado-carioca-por-falsificacao-de-certificado-vacinal","status":"publish","type":"post","link":"https:\/\/blogdorogeriogomes.com.br\/noticias\/2024\/03\/policia-federal-indicia-jair-bolsonaro-mauro-cid-e-deputado-carioca-por-falsificacao-de-certificado-vacinal\/","title":{"rendered":"Pol\u00edcia Federal indicia Jair Bolsonaro, Mauro Cid e deputado carioca por falsifica\u00e7\u00e3o de certificado vacinal"},"content":{"rendered":"\n<p>A Pol\u00edcia Federal indiciou o ex-presidente Jair Bolsonaro (PL) pelos crimes de associa\u00e7\u00e3o criminosa e inser\u00e7\u00e3o de dados falsos em sistema de informa\u00e7\u00f5es no caso que apura a falsifica\u00e7\u00e3o de certificados de vacinas de Covid-19.<\/p>\n\n\n\n<p>O indiciamento significa, na pr\u00e1tica, que a PF entendeu que j\u00e1 h\u00e1 elementos suficientes para apontar respons\u00e1veis por um crime. Com isso, o caso segue para as m\u00e3os do Minist\u00e9rio P\u00fablico Federal, que decide se apresenta den\u00fancia \u00e0 Justi\u00e7a ou arquiva a apura\u00e7\u00e3o.<\/p>\n\n\n\n<p>Al\u00e9m de Bolsonaro, outras 16 pessoas tamb\u00e9m foram indiciadas, como o tenente-coronel Mauro Cid e o deputado federal Gutemberg Reis (MDB-RJ). Cid e Reis tamb\u00e9m foram indiciados pelos dois crimes de inser\u00e7\u00e3o e falsifica\u00e7\u00e3o. Al\u00e9m disso, o tenente-coronel foi indiciado por uso indevido de documento falso.<\/p>\n\n\n\n<p>O crime de associa\u00e7\u00e3o criminosa prev\u00ea pena de 1 a 3 anos de pris\u00e3o; o de inser\u00e7\u00e3o de dados falsos em sistema de informa\u00e7\u00f5es, de 2 a 12 anos.<\/p>\n\n\n\n<figure class=\"wp-block-image size-full\"><img loading=\"lazy\" decoding=\"async\" width=\"678\" height=\"452\" src=\"https:\/\/blogdorogeriogomes.com.br\/noticias\/wp-content\/uploads\/2024\/03\/images-28.jpeg\" alt=\"\" class=\"wp-image-32006\" srcset=\"https:\/\/blogdorogeriogomes.com.br\/noticias\/wp-content\/uploads\/2024\/03\/images-28.jpeg 678w, https:\/\/blogdorogeriogomes.com.br\/noticias\/wp-content\/uploads\/2024\/03\/images-28-300x200.jpeg 300w\" sizes=\"auto, (max-width: 678px) 100vw, 678px\" \/><\/figure>\n","protected":false},"excerpt":{"rendered":"<p>A Pol\u00edcia Federal indiciou o ex-presidente Jair Bolsonaro (PL) pelos crimes de associa\u00e7\u00e3o criminosa e inser\u00e7\u00e3o de dados falsos em sistema de informa\u00e7\u00f5es no caso que apura a falsifica\u00e7\u00e3o de certificados de vacinas de Covid-19. O indiciamento significa, na pr\u00e1tica, que a PF entendeu que j\u00e1 h\u00e1 elementos suficientes para apontar respons\u00e1veis por um crime. Com isso, o caso segue para as m\u00e3os do Minist\u00e9rio P\u00fablico Federal, que decide se apresenta den\u00fancia \u00e0 Justi\u00e7a ou arquiva a apura\u00e7\u00e3o. Al\u00e9m&hellip;<\/p>\n","protected":false},"author":1,"featured_media":32006,"comment_status":"open","ping_status":"open","sticky":false,"template":"","format":"standard","meta":{"footnotes":""},"categories":[1],"tags":[],"class_list":["post-32005","post","type-post","status-publish","format-standard","has-post-thumbnail","hentry","category-noticias"],"_links":{"self":[{"href":"https:\/\/blogdorogeriogomes.com.br\/noticias\/wp-json\/wp\/v2\/posts\/32005","targetHints":{"allow":["GET"]}}],"collection":[{"href":"https:\/\/blogdorogeriogomes.com.br\/noticias\/wp-json\/wp\/v2\/posts"}],"about":[{"href":"https:\/\/blogdorogeriogomes.com.br\/noticias\/wp-json\/wp\/v2\/types\/post"}],"author":[{"embeddable":true,"href":"https:\/\/blogdorogeriogomes.com.br\/noticias\/wp-json\/wp\/v2\/users\/1"}],"replies":[{"embeddable":true,"href":"https:\/\/blogdorogeriogomes.com.br\/noticias\/wp-json\/wp\/v2\/comments?post=32005"}],"version-history":[{"count":1,"href":"https:\/\/blogdorogeriogomes.com.br\/noticias\/wp-json\/wp\/v2\/posts\/32005\/revisions"}],"predecessor-version":[{"id":32007,"href":"https:\/\/blogdorogeriogomes.com.br\/noticias\/wp-json\/wp\/v2\/posts\/32005\/revisions\/32007"}],"wp:featuredmedia":[{"embeddable":true,"href":"https:\/\/blogdorogeriogomes.com.br\/noticias\/wp-json\/wp\/v2\/media\/32006"}],"wp:attachment":[{"href":"https:\/\/blogdorogeriogomes.com.br\/noticias\/wp-json\/wp\/v2\/media?parent=32005"}],"wp:term":[{"taxonomy":"category","embeddable":true,"href":"https:\/\/blogdorogeriogomes.com.br\/noticias\/wp-json\/wp\/v2\/categories?post=32005"},{"taxonomy":"post_tag","embeddable":true,"href":"https:\/\/blogdorogeriogomes.com.br\/noticias\/wp-json\/wp\/v2\/tags?post=32005"}],"curies":[{"name":"wp","href":"https:\/\/api.w.org\/{rel}","templated":true}]}}