{"id":32008,"date":"2024-03-20T11:13:12","date_gmt":"2024-03-20T11:13:12","guid":{"rendered":"https:\/\/blogdorogeriogomes.com.br\/noticias\/?p=32008"},"modified":"2024-03-20T11:13:12","modified_gmt":"2024-03-20T11:13:12","slug":"ministro-ricardo-lewandowski-diz-que-delacao-de-ronnie-lessa-trara-provas-para-elucidar-morte-da-vereadora-marielle-franco","status":"publish","type":"post","link":"https:\/\/blogdorogeriogomes.com.br\/noticias\/2024\/03\/ministro-ricardo-lewandowski-diz-que-delacao-de-ronnie-lessa-trara-provas-para-elucidar-morte-da-vereadora-marielle-franco\/","title":{"rendered":"Ministro Ricardo Lewandowski diz que dela\u00e7\u00e3o de Ronnie Lessa trar\u00e1 provas para elucidar morte da vereadora Marielle Franco"},"content":{"rendered":"\n<p>O ministro da Justi\u00e7a e Seguran\u00e7a P\u00fablica, Ricardo Lewandowski, deu novas informa\u00e7\u00f5es sobre o assassinato da vereadora Marielle Franco e do motorista Anderson Gomes, em 14 de mar\u00e7o de 2018, no Rio de Janeiro (RJ). Segundo ele, houve a confirma\u00e7\u00e3o de todos os termos da dela\u00e7\u00e3o premiada do ex- policial Ronnie Lessa, na segunda-feira, dia 18 de mar\u00e7o, em audi\u00eancia com o juiz auxiliar do ministro Alexandre de Moraes. &#8220;Sabemos que essa colabora\u00e7\u00e3o premiada, que \u00e9 um meio de obten\u00e7\u00e3o de provas, traz elementos important\u00edssimos que n\u00f3s levamos a crer que, brevemente, n\u00f3s teremos a solu\u00e7\u00e3o do assassinato da vereadora Marielle Franco&#8221;, afirmou Lewandowski.<\/p>\n\n\n\n<p>O ministro da Justi\u00e7a observa que todo o conte\u00fado do processo \u00e9 de conhecimento, agora, exclusivamente do relator do caso (Moraes), da Pol\u00edcia Federal e do Minist\u00e9rio P\u00fablico. Ronnie Lessa est\u00e1 preso desde 2019 pela acusa\u00e7\u00e3o de matar Marielle e o motorista Anderson Gomes, no Rio de Janeiro. Trata-se da segunda colabora\u00e7\u00e3o do caso Marielle Franco. A primeira foi a do ex-policial militar \u00c9lcio de Queiroz, que tamb\u00e9m firmou dela\u00e7\u00e3o.<\/p>\n\n\n\n<figure class=\"wp-block-image size-full\"><img loading=\"lazy\" decoding=\"async\" width=\"768\" height=\"459\" src=\"https:\/\/blogdorogeriogomes.com.br\/noticias\/wp-content\/uploads\/2024\/03\/804e89f0-53b2-4b24-976e-49791c55809c.jpeg\" alt=\"\" class=\"wp-image-32009\" srcset=\"https:\/\/blogdorogeriogomes.com.br\/noticias\/wp-content\/uploads\/2024\/03\/804e89f0-53b2-4b24-976e-49791c55809c.jpeg 768w, https:\/\/blogdorogeriogomes.com.br\/noticias\/wp-content\/uploads\/2024\/03\/804e89f0-53b2-4b24-976e-49791c55809c-300x179.jpeg 300w\" sizes=\"auto, (max-width: 768px) 100vw, 768px\" \/><\/figure>\n","protected":false},"excerpt":{"rendered":"<p>O ministro da Justi\u00e7a e Seguran\u00e7a P\u00fablica, Ricardo Lewandowski, deu novas informa\u00e7\u00f5es sobre o assassinato da vereadora Marielle Franco e do motorista Anderson Gomes, em 14 de mar\u00e7o de 2018, no Rio de Janeiro (RJ). Segundo ele, houve a confirma\u00e7\u00e3o de todos os termos da dela\u00e7\u00e3o premiada do ex- policial Ronnie Lessa, na segunda-feira, dia 18 de mar\u00e7o, em audi\u00eancia com o juiz auxiliar do ministro Alexandre de Moraes. &#8220;Sabemos que essa colabora\u00e7\u00e3o premiada, que \u00e9 um meio de&hellip;<\/p>\n","protected":false},"author":1,"featured_media":32009,"comment_status":"open","ping_status":"open","sticky":false,"template":"","format":"standard","meta":{"footnotes":""},"categories":[1],"tags":[],"class_list":["post-32008","post","type-post","status-publish","format-standard","has-post-thumbnail","hentry","category-noticias"],"_links":{"self":[{"href":"https:\/\/blogdorogeriogomes.com.br\/noticias\/wp-json\/wp\/v2\/posts\/32008","targetHints":{"allow":["GET"]}}],"collection":[{"href":"https:\/\/blogdorogeriogomes.com.br\/noticias\/wp-json\/wp\/v2\/posts"}],"about":[{"href":"https:\/\/blogdorogeriogomes.com.br\/noticias\/wp-json\/wp\/v2\/types\/post"}],"author":[{"embeddable":true,"href":"https:\/\/blogdorogeriogomes.com.br\/noticias\/wp-json\/wp\/v2\/users\/1"}],"replies":[{"embeddable":true,"href":"https:\/\/blogdorogeriogomes.com.br\/noticias\/wp-json\/wp\/v2\/comments?post=32008"}],"version-history":[{"count":1,"href":"https:\/\/blogdorogeriogomes.com.br\/noticias\/wp-json\/wp\/v2\/posts\/32008\/revisions"}],"predecessor-version":[{"id":32010,"href":"https:\/\/blogdorogeriogomes.com.br\/noticias\/wp-json\/wp\/v2\/posts\/32008\/revisions\/32010"}],"wp:featuredmedia":[{"embeddable":true,"href":"https:\/\/blogdorogeriogomes.com.br\/noticias\/wp-json\/wp\/v2\/media\/32009"}],"wp:attachment":[{"href":"https:\/\/blogdorogeriogomes.com.br\/noticias\/wp-json\/wp\/v2\/media?parent=32008"}],"wp:term":[{"taxonomy":"category","embeddable":true,"href":"https:\/\/blogdorogeriogomes.com.br\/noticias\/wp-json\/wp\/v2\/categories?post=32008"},{"taxonomy":"post_tag","embeddable":true,"href":"https:\/\/blogdorogeriogomes.com.br\/noticias\/wp-json\/wp\/v2\/tags?post=32008"}],"curies":[{"name":"wp","href":"https:\/\/api.w.org\/{rel}","templated":true}]}}