{"id":32012,"date":"2024-03-20T11:23:22","date_gmt":"2024-03-20T11:23:22","guid":{"rendered":"https:\/\/blogdorogeriogomes.com.br\/noticias\/?p=32012"},"modified":"2024-03-20T11:23:22","modified_gmt":"2024-03-20T11:23:22","slug":"ceara-vai-receber-ate-outubro-encontros-do-g20-ligados-a-educacao-economia-e-geracao-de-empregos","status":"publish","type":"post","link":"https:\/\/blogdorogeriogomes.com.br\/noticias\/2024\/03\/ceara-vai-receber-ate-outubro-encontros-do-g20-ligados-a-educacao-economia-e-geracao-de-empregos\/","title":{"rendered":"Cear\u00e1 vai receber at\u00e9 outubro encontros do G20 ligados a educa\u00e7\u00e3o, economia e gera\u00e7\u00e3o de empregos"},"content":{"rendered":"\n<p>O Cear\u00e1 receber\u00e1, entre julho e outubro deste ano, encontros de Grupos de Trabalho (GTs) das maiores economias do mundo. No ano em que o Brasil assume a presid\u00eancia do G20, o Estado entra na rota de discuss\u00f5es sediando encontros com temas ligados ao Minist\u00e9rio da Educa\u00e7\u00e3o, Fazenda e Trabalho. As reuni\u00f5es, tanto t\u00e9cnicas quanto ministeriais, ser\u00e3o realizadas no Centro de Eventos do Cear\u00e1, em Fortaleza.<\/p>\n\n\n\n<p>O Brasil assumiu a presid\u00eancia do G20 em dezembro de 2023, e \u00e9 respons\u00e1vel por organizar reuni\u00f5es t\u00e9cnicas e confer\u00eancias ministeriais at\u00e9 a 19\u00aa C\u00fapula do G20, que ocorrer\u00e1 nos dias 18 e 19 de novembro, no Rio de Janeiro. A C\u00fapula reunir\u00e1 chefes de Estado e de Governo das principais economias do mundo, entre elas est\u00e3o Estados Unidos, China, R\u00fassia, Jap\u00e3o, Ar\u00e1bia Saudita, \u00c1frica do Sul, Canad\u00e1, Uni\u00e3o Europ\u00e9ia, Uni\u00e3o Africana, entre outras. Juntos, elas representam 85% do PIB e 65% da popula\u00e7\u00e3o mundial.<\/p>\n\n\n\n<p>Segundo o governador Elmano de Freitas, entre os dias 10 e 12 de julho, ser\u00e1 iniciado o calend\u00e1rio do G20 no Cear\u00e1, com reuni\u00f5es t\u00e9cnicas organizadas pelo Minist\u00e9rio da Fazenda e o Banco Central do Brasil, com o tema \u201cArquitetura Financeira Internacional\u201d.<\/p>\n\n\n\n<figure class=\"wp-block-image size-large\"><img loading=\"lazy\" decoding=\"async\" width=\"1024\" height=\"519\" src=\"https:\/\/blogdorogeriogomes.com.br\/noticias\/wp-content\/uploads\/2024\/03\/WhatsApp-Image-2024-03-19-at-08.12.25-1200x608-1-1024x519.jpeg\" alt=\"\" class=\"wp-image-32013\" srcset=\"https:\/\/blogdorogeriogomes.com.br\/noticias\/wp-content\/uploads\/2024\/03\/WhatsApp-Image-2024-03-19-at-08.12.25-1200x608-1-1024x519.jpeg 1024w, https:\/\/blogdorogeriogomes.com.br\/noticias\/wp-content\/uploads\/2024\/03\/WhatsApp-Image-2024-03-19-at-08.12.25-1200x608-1-300x152.jpeg 300w, https:\/\/blogdorogeriogomes.com.br\/noticias\/wp-content\/uploads\/2024\/03\/WhatsApp-Image-2024-03-19-at-08.12.25-1200x608-1-768x389.jpeg 768w, https:\/\/blogdorogeriogomes.com.br\/noticias\/wp-content\/uploads\/2024\/03\/WhatsApp-Image-2024-03-19-at-08.12.25-1200x608-1-800x405.jpeg 800w, https:\/\/blogdorogeriogomes.com.br\/noticias\/wp-content\/uploads\/2024\/03\/WhatsApp-Image-2024-03-19-at-08.12.25-1200x608-1.jpeg 1200w\" sizes=\"auto, (max-width: 1024px) 100vw, 1024px\" \/><\/figure>\n","protected":false},"excerpt":{"rendered":"<p>O Cear\u00e1 receber\u00e1, entre julho e outubro deste ano, encontros de Grupos de Trabalho (GTs) das maiores economias do mundo. No ano em que o Brasil assume a presid\u00eancia do G20, o Estado entra na rota de discuss\u00f5es sediando encontros com temas ligados ao Minist\u00e9rio da Educa\u00e7\u00e3o, Fazenda e Trabalho. As reuni\u00f5es, tanto t\u00e9cnicas quanto ministeriais, ser\u00e3o realizadas no Centro de Eventos do Cear\u00e1, em Fortaleza. O Brasil assumiu a presid\u00eancia do G20 em dezembro de 2023, e \u00e9&hellip;<\/p>\n","protected":false},"author":1,"featured_media":32013,"comment_status":"open","ping_status":"open","sticky":false,"template":"","format":"standard","meta":{"footnotes":""},"categories":[1],"tags":[],"class_list":["post-32012","post","type-post","status-publish","format-standard","has-post-thumbnail","hentry","category-noticias"],"_links":{"self":[{"href":"https:\/\/blogdorogeriogomes.com.br\/noticias\/wp-json\/wp\/v2\/posts\/32012","targetHints":{"allow":["GET"]}}],"collection":[{"href":"https:\/\/blogdorogeriogomes.com.br\/noticias\/wp-json\/wp\/v2\/posts"}],"about":[{"href":"https:\/\/blogdorogeriogomes.com.br\/noticias\/wp-json\/wp\/v2\/types\/post"}],"author":[{"embeddable":true,"href":"https:\/\/blogdorogeriogomes.com.br\/noticias\/wp-json\/wp\/v2\/users\/1"}],"replies":[{"embeddable":true,"href":"https:\/\/blogdorogeriogomes.com.br\/noticias\/wp-json\/wp\/v2\/comments?post=32012"}],"version-history":[{"count":1,"href":"https:\/\/blogdorogeriogomes.com.br\/noticias\/wp-json\/wp\/v2\/posts\/32012\/revisions"}],"predecessor-version":[{"id":32014,"href":"https:\/\/blogdorogeriogomes.com.br\/noticias\/wp-json\/wp\/v2\/posts\/32012\/revisions\/32014"}],"wp:featuredmedia":[{"embeddable":true,"href":"https:\/\/blogdorogeriogomes.com.br\/noticias\/wp-json\/wp\/v2\/media\/32013"}],"wp:attachment":[{"href":"https:\/\/blogdorogeriogomes.com.br\/noticias\/wp-json\/wp\/v2\/media?parent=32012"}],"wp:term":[{"taxonomy":"category","embeddable":true,"href":"https:\/\/blogdorogeriogomes.com.br\/noticias\/wp-json\/wp\/v2\/categories?post=32012"},{"taxonomy":"post_tag","embeddable":true,"href":"https:\/\/blogdorogeriogomes.com.br\/noticias\/wp-json\/wp\/v2\/tags?post=32012"}],"curies":[{"name":"wp","href":"https:\/\/api.w.org\/{rel}","templated":true}]}}