{"id":32021,"date":"2024-03-20T13:58:50","date_gmt":"2024-03-20T13:58:50","guid":{"rendered":"https:\/\/blogdorogeriogomes.com.br\/noticias\/?p=32021"},"modified":"2024-03-20T13:58:51","modified_gmt":"2024-03-20T13:58:51","slug":"governo-do-ceara-anuncia-reajuste-dos-servidores-publicos-estaduais-em-562","status":"publish","type":"post","link":"https:\/\/blogdorogeriogomes.com.br\/noticias\/2024\/03\/governo-do-ceara-anuncia-reajuste-dos-servidores-publicos-estaduais-em-562\/","title":{"rendered":"Governo do Cear\u00e1 anuncia reajuste dos servidores p\u00fablicos estaduais em 5,62%"},"content":{"rendered":"\n<p>Ap\u00f3s reuni\u00e3o com representantes dos servidores p\u00fablicos do Estado, o governador Elmano de Freitas anunciou que o reajuste deste ano de 2024 para a categoria ser\u00e1 de 5,62%. Com isso, o Governo do Cear\u00e1 proporciona ganho real ao funcionalismo p\u00fablico estadual, uma vez que a infla\u00e7\u00e3o do ano passado (2023) ficou em 4,62%. A porcentagem ficou acertada ap\u00f3s reuni\u00e3o com representantes dos servidores e do Governo, na manh\u00e3 desta quarta-feira, dia 20 de mar\u00e7o.<\/p>\n\n\n\n<p>A medida beneficia mais de 133 mil servidores, entre ativos, aposentados e pensionistas. O reajuste ser\u00e1 pago a partir da folha salarial de julho. H\u00e1 ainda outros benef\u00edcios que ser\u00e3o implementados juntos ao reajuste.<\/p>\n\n\n\n<figure class=\"wp-block-image size-full\"><img loading=\"lazy\" decoding=\"async\" width=\"716\" height=\"428\" src=\"https:\/\/blogdorogeriogomes.com.br\/noticias\/wp-content\/uploads\/2024\/03\/images-36.jpeg\" alt=\"\" class=\"wp-image-32022\" srcset=\"https:\/\/blogdorogeriogomes.com.br\/noticias\/wp-content\/uploads\/2024\/03\/images-36.jpeg 716w, https:\/\/blogdorogeriogomes.com.br\/noticias\/wp-content\/uploads\/2024\/03\/images-36-300x179.jpeg 300w\" sizes=\"auto, (max-width: 716px) 100vw, 716px\" \/><\/figure>\n","protected":false},"excerpt":{"rendered":"<p>Ap\u00f3s reuni\u00e3o com representantes dos servidores p\u00fablicos do Estado, o governador Elmano de Freitas anunciou que o reajuste deste ano de 2024 para a categoria ser\u00e1 de 5,62%. Com isso, o Governo do Cear\u00e1 proporciona ganho real ao funcionalismo p\u00fablico estadual, uma vez que a infla\u00e7\u00e3o do ano passado (2023) ficou em 4,62%. A porcentagem ficou acertada ap\u00f3s reuni\u00e3o com representantes dos servidores e do Governo, na manh\u00e3 desta quarta-feira, dia 20 de mar\u00e7o. A medida beneficia mais de&hellip;<\/p>\n","protected":false},"author":1,"featured_media":32022,"comment_status":"open","ping_status":"open","sticky":false,"template":"","format":"standard","meta":{"footnotes":""},"categories":[1],"tags":[],"class_list":["post-32021","post","type-post","status-publish","format-standard","has-post-thumbnail","hentry","category-noticias"],"_links":{"self":[{"href":"https:\/\/blogdorogeriogomes.com.br\/noticias\/wp-json\/wp\/v2\/posts\/32021","targetHints":{"allow":["GET"]}}],"collection":[{"href":"https:\/\/blogdorogeriogomes.com.br\/noticias\/wp-json\/wp\/v2\/posts"}],"about":[{"href":"https:\/\/blogdorogeriogomes.com.br\/noticias\/wp-json\/wp\/v2\/types\/post"}],"author":[{"embeddable":true,"href":"https:\/\/blogdorogeriogomes.com.br\/noticias\/wp-json\/wp\/v2\/users\/1"}],"replies":[{"embeddable":true,"href":"https:\/\/blogdorogeriogomes.com.br\/noticias\/wp-json\/wp\/v2\/comments?post=32021"}],"version-history":[{"count":1,"href":"https:\/\/blogdorogeriogomes.com.br\/noticias\/wp-json\/wp\/v2\/posts\/32021\/revisions"}],"predecessor-version":[{"id":32023,"href":"https:\/\/blogdorogeriogomes.com.br\/noticias\/wp-json\/wp\/v2\/posts\/32021\/revisions\/32023"}],"wp:featuredmedia":[{"embeddable":true,"href":"https:\/\/blogdorogeriogomes.com.br\/noticias\/wp-json\/wp\/v2\/media\/32022"}],"wp:attachment":[{"href":"https:\/\/blogdorogeriogomes.com.br\/noticias\/wp-json\/wp\/v2\/media?parent=32021"}],"wp:term":[{"taxonomy":"category","embeddable":true,"href":"https:\/\/blogdorogeriogomes.com.br\/noticias\/wp-json\/wp\/v2\/categories?post=32021"},{"taxonomy":"post_tag","embeddable":true,"href":"https:\/\/blogdorogeriogomes.com.br\/noticias\/wp-json\/wp\/v2\/tags?post=32021"}],"curies":[{"name":"wp","href":"https:\/\/api.w.org\/{rel}","templated":true}]}}