{"id":32024,"date":"2024-03-20T20:51:27","date_gmt":"2024-03-20T20:51:27","guid":{"rendered":"https:\/\/blogdorogeriogomes.com.br\/noticias\/?p=32024"},"modified":"2024-03-20T20:51:27","modified_gmt":"2024-03-20T20:51:27","slug":"embaixador-da-italia-no-brasil-tem-encontros-com-setor-produtivo-cearense-em-fortaleza","status":"publish","type":"post","link":"https:\/\/blogdorogeriogomes.com.br\/noticias\/2024\/03\/embaixador-da-italia-no-brasil-tem-encontros-com-setor-produtivo-cearense-em-fortaleza\/","title":{"rendered":"Embaixador da It\u00e1lia no Brasil tem encontros com setor produtivo cearense em Fortaleza"},"content":{"rendered":"\n<p>O Embaixador da It\u00e1lia no Brasil, Alessandro Cortese, em sua primeira vista ao Cear\u00e1, marca um momento significativo nas rela\u00e7\u00f5es entre Brasil e It\u00e1lia. Ele participa de um evento, nesta quinta-feira, dia 21 de mar\u00e7o, organizado pelo Instituto de Lideran\u00e7as Empresariais do Cear\u00e1 em parceria com a multiplataforma Trends CE e o Consul Honor\u00e1rio da It\u00e1lia em Fortaleza, Vittorio Ghia. <\/p>\n\n\n\n<p>O encontro ter\u00e1 a presen\u00e7a de uma significativa representatividade de empres\u00e1rios cearenses com a expectativa de fortalecer os la\u00e7os comerciais e explorar novas oportunidades de neg\u00f3cios e interc\u00e2mbios culturais entre as duas na\u00e7\u00f5es, e em especial com o estado do Cear\u00e1.<\/p>\n\n\n\n<p>A reuni\u00e3o acontece no Iate Clube de Fortaleza e ter\u00e1 tamb\u00e9m as participa\u00e7\u00f5es da Secret\u00e1ria de Rela\u00e7\u00f5es Internacionais do Governo do Estado do Cear\u00e1, Roseane Medeiros, e do Vice Prefeito de Fortaleza, \u00c9lcio Batista, quando ambos falar\u00e3o das oportunidades e potencialidades de neg\u00f3cios no estado e na capital cearense.<\/p>\n\n\n\n<p>O Embaixador da It\u00e1lia no Brasil, Alessandro Cortese, fez visitas ao governador Elmano de Freitas e ao presidente da Assembleia Legislativa do Cear\u00e1, Evandro Leit\u00e3o.<\/p>\n\n\n\n<figure class=\"wp-block-image size-large\"><img loading=\"lazy\" decoding=\"async\" width=\"1024\" height=\"768\" src=\"https:\/\/blogdorogeriogomes.com.br\/noticias\/wp-content\/uploads\/2024\/03\/IMG-20240320-WA0123-1024x768.jpg\" alt=\"\" class=\"wp-image-32025\" srcset=\"https:\/\/blogdorogeriogomes.com.br\/noticias\/wp-content\/uploads\/2024\/03\/IMG-20240320-WA0123-1024x768.jpg 1024w, https:\/\/blogdorogeriogomes.com.br\/noticias\/wp-content\/uploads\/2024\/03\/IMG-20240320-WA0123-300x225.jpg 300w, https:\/\/blogdorogeriogomes.com.br\/noticias\/wp-content\/uploads\/2024\/03\/IMG-20240320-WA0123-768x576.jpg 768w, https:\/\/blogdorogeriogomes.com.br\/noticias\/wp-content\/uploads\/2024\/03\/IMG-20240320-WA0123-800x600.jpg 800w, https:\/\/blogdorogeriogomes.com.br\/noticias\/wp-content\/uploads\/2024\/03\/IMG-20240320-WA0123-400x300.jpg 400w, https:\/\/blogdorogeriogomes.com.br\/noticias\/wp-content\/uploads\/2024\/03\/IMG-20240320-WA0123.jpg 1280w\" sizes=\"auto, (max-width: 1024px) 100vw, 1024px\" \/><\/figure>\n","protected":false},"excerpt":{"rendered":"<p>O Embaixador da It\u00e1lia no Brasil, Alessandro Cortese, em sua primeira vista ao Cear\u00e1, marca um momento significativo nas rela\u00e7\u00f5es entre Brasil e It\u00e1lia. Ele participa de um evento, nesta quinta-feira, dia 21 de mar\u00e7o, organizado pelo Instituto de Lideran\u00e7as Empresariais do Cear\u00e1 em parceria com a multiplataforma Trends CE e o Consul Honor\u00e1rio da It\u00e1lia em Fortaleza, Vittorio Ghia. O encontro ter\u00e1 a presen\u00e7a de uma significativa representatividade de empres\u00e1rios cearenses com a expectativa de fortalecer os la\u00e7os&hellip;<\/p>\n","protected":false},"author":1,"featured_media":32025,"comment_status":"open","ping_status":"open","sticky":false,"template":"","format":"standard","meta":{"footnotes":""},"categories":[1],"tags":[],"class_list":["post-32024","post","type-post","status-publish","format-standard","has-post-thumbnail","hentry","category-noticias"],"_links":{"self":[{"href":"https:\/\/blogdorogeriogomes.com.br\/noticias\/wp-json\/wp\/v2\/posts\/32024","targetHints":{"allow":["GET"]}}],"collection":[{"href":"https:\/\/blogdorogeriogomes.com.br\/noticias\/wp-json\/wp\/v2\/posts"}],"about":[{"href":"https:\/\/blogdorogeriogomes.com.br\/noticias\/wp-json\/wp\/v2\/types\/post"}],"author":[{"embeddable":true,"href":"https:\/\/blogdorogeriogomes.com.br\/noticias\/wp-json\/wp\/v2\/users\/1"}],"replies":[{"embeddable":true,"href":"https:\/\/blogdorogeriogomes.com.br\/noticias\/wp-json\/wp\/v2\/comments?post=32024"}],"version-history":[{"count":1,"href":"https:\/\/blogdorogeriogomes.com.br\/noticias\/wp-json\/wp\/v2\/posts\/32024\/revisions"}],"predecessor-version":[{"id":32026,"href":"https:\/\/blogdorogeriogomes.com.br\/noticias\/wp-json\/wp\/v2\/posts\/32024\/revisions\/32026"}],"wp:featuredmedia":[{"embeddable":true,"href":"https:\/\/blogdorogeriogomes.com.br\/noticias\/wp-json\/wp\/v2\/media\/32025"}],"wp:attachment":[{"href":"https:\/\/blogdorogeriogomes.com.br\/noticias\/wp-json\/wp\/v2\/media?parent=32024"}],"wp:term":[{"taxonomy":"category","embeddable":true,"href":"https:\/\/blogdorogeriogomes.com.br\/noticias\/wp-json\/wp\/v2\/categories?post=32024"},{"taxonomy":"post_tag","embeddable":true,"href":"https:\/\/blogdorogeriogomes.com.br\/noticias\/wp-json\/wp\/v2\/tags?post=32024"}],"curies":[{"name":"wp","href":"https:\/\/api.w.org\/{rel}","templated":true}]}}