{"id":32027,"date":"2024-03-21T09:48:47","date_gmt":"2024-03-21T09:48:47","guid":{"rendered":"https:\/\/blogdorogeriogomes.com.br\/noticias\/?p=32027"},"modified":"2024-03-21T09:48:47","modified_gmt":"2024-03-21T09:48:47","slug":"camara-dos-deputados-aprova-texto-base-do-novo-ensino-medio-apos-acordo-sobre-carga-horaria","status":"publish","type":"post","link":"https:\/\/blogdorogeriogomes.com.br\/noticias\/2024\/03\/camara-dos-deputados-aprova-texto-base-do-novo-ensino-medio-apos-acordo-sobre-carga-horaria\/","title":{"rendered":"C\u00e2mara dos Deputados aprova texto-base do novo Ensino M\u00e9dio ap\u00f3s acordo sobre carga hor\u00e1ria"},"content":{"rendered":"\n<p>A C\u00e2mara dos Deputados aprovou nesta quarta-feira, dia 20 de mar\u00e7o, o texto-base do projeto de lei que redefine a Pol\u00edtica Nacional do Ensino M\u00e9dio no Brasil. A proposta aprovada estabelece uma carga hor\u00e1ria de 2,4 mil horas para a forma\u00e7\u00e3o geral b\u00e1sica (somados os tr\u00eas anos) e 1.800 para a forma\u00e7\u00e3o t\u00e9cnica, de forma escalonada. A proposta ainda dever\u00e1 ser analisada pelo Senado.\u00a0Os deputados federais votam agora os destaques, que podem alterar pontos da proposta.\u00a0<\/p>\n\n\n\n<p>A vota\u00e7\u00e3o em Plen\u00e1rio foi acompanhada pelo ministro da Educa\u00e7\u00e3o, Camilo Santana. O relator do projeto de lei que revisa o novo ensino m\u00e9dio, deputado Mendon\u00e7a Filho (Uni\u00e3o-PE), destacou que as proposi\u00e7\u00f5es garantidas no texto contemplaram as preocupa\u00e7\u00f5es do governo de elevar a carga hor\u00e1ria para a forma\u00e7\u00e3o geral b\u00e1sica.<\/p>\n\n\n\n<p>O projeto aprovado \u00e9 uma alternativa \u00e0 reforma do Ensino M\u00e9dio estabelecida em 2017, que previa 1,8 mil horas para a forma\u00e7\u00e3o b\u00e1sica, com 1,2 mil para os itiner\u00e1rios formativos, que s\u00e3o as disciplinas que o aluno escolhe para se aprofundar a partir do que lhe \u00e9 ofertado. O governo atual enviou uma nova proposta ao Parlamento, estabelecendo a forma\u00e7\u00e3o b\u00e1sica m\u00ednima de 2,4 mil horas.\u00a0O substitutivo aprovado mant\u00e9m como opcional a oferta da L\u00edngua Espanhola.<\/p>\n\n\n\n<figure class=\"wp-block-image size-full\"><img loading=\"lazy\" decoding=\"async\" width=\"682\" height=\"353\" src=\"https:\/\/blogdorogeriogomes.com.br\/noticias\/wp-content\/uploads\/2024\/03\/images-37.jpeg\" alt=\"\" class=\"wp-image-32028\" srcset=\"https:\/\/blogdorogeriogomes.com.br\/noticias\/wp-content\/uploads\/2024\/03\/images-37.jpeg 682w, https:\/\/blogdorogeriogomes.com.br\/noticias\/wp-content\/uploads\/2024\/03\/images-37-300x155.jpeg 300w\" sizes=\"auto, (max-width: 682px) 100vw, 682px\" \/><\/figure>\n","protected":false},"excerpt":{"rendered":"<p>A C\u00e2mara dos Deputados aprovou nesta quarta-feira, dia 20 de mar\u00e7o, o texto-base do projeto de lei que redefine a Pol\u00edtica Nacional do Ensino M\u00e9dio no Brasil. A proposta aprovada estabelece uma carga hor\u00e1ria de 2,4 mil horas para a forma\u00e7\u00e3o geral b\u00e1sica (somados os tr\u00eas anos) e 1.800 para a forma\u00e7\u00e3o t\u00e9cnica, de forma escalonada. A proposta ainda dever\u00e1 ser analisada pelo Senado.\u00a0Os deputados federais votam agora os destaques, que podem alterar pontos da proposta.\u00a0 A vota\u00e7\u00e3o em&hellip;<\/p>\n","protected":false},"author":1,"featured_media":32029,"comment_status":"open","ping_status":"open","sticky":false,"template":"","format":"standard","meta":{"footnotes":""},"categories":[1],"tags":[],"class_list":["post-32027","post","type-post","status-publish","format-standard","has-post-thumbnail","hentry","category-noticias"],"_links":{"self":[{"href":"https:\/\/blogdorogeriogomes.com.br\/noticias\/wp-json\/wp\/v2\/posts\/32027","targetHints":{"allow":["GET"]}}],"collection":[{"href":"https:\/\/blogdorogeriogomes.com.br\/noticias\/wp-json\/wp\/v2\/posts"}],"about":[{"href":"https:\/\/blogdorogeriogomes.com.br\/noticias\/wp-json\/wp\/v2\/types\/post"}],"author":[{"embeddable":true,"href":"https:\/\/blogdorogeriogomes.com.br\/noticias\/wp-json\/wp\/v2\/users\/1"}],"replies":[{"embeddable":true,"href":"https:\/\/blogdorogeriogomes.com.br\/noticias\/wp-json\/wp\/v2\/comments?post=32027"}],"version-history":[{"count":1,"href":"https:\/\/blogdorogeriogomes.com.br\/noticias\/wp-json\/wp\/v2\/posts\/32027\/revisions"}],"predecessor-version":[{"id":32030,"href":"https:\/\/blogdorogeriogomes.com.br\/noticias\/wp-json\/wp\/v2\/posts\/32027\/revisions\/32030"}],"wp:featuredmedia":[{"embeddable":true,"href":"https:\/\/blogdorogeriogomes.com.br\/noticias\/wp-json\/wp\/v2\/media\/32029"}],"wp:attachment":[{"href":"https:\/\/blogdorogeriogomes.com.br\/noticias\/wp-json\/wp\/v2\/media?parent=32027"}],"wp:term":[{"taxonomy":"category","embeddable":true,"href":"https:\/\/blogdorogeriogomes.com.br\/noticias\/wp-json\/wp\/v2\/categories?post=32027"},{"taxonomy":"post_tag","embeddable":true,"href":"https:\/\/blogdorogeriogomes.com.br\/noticias\/wp-json\/wp\/v2\/tags?post=32027"}],"curies":[{"name":"wp","href":"https:\/\/api.w.org\/{rel}","templated":true}]}}