{"id":32055,"date":"2024-03-23T07:17:13","date_gmt":"2024-03-23T07:17:13","guid":{"rendered":"https:\/\/blogdorogeriogomes.com.br\/noticias\/?p=32055"},"modified":"2024-03-23T07:17:13","modified_gmt":"2024-03-23T07:17:13","slug":"tre-do-ceara-homenageia-personalidades-com-primeira-edicao-da-medalha-do-merito-eleitoral-padre-cicero-romao-batista","status":"publish","type":"post","link":"https:\/\/blogdorogeriogomes.com.br\/noticias\/2024\/03\/tre-do-ceara-homenageia-personalidades-com-primeira-edicao-da-medalha-do-merito-eleitoral-padre-cicero-romao-batista\/","title":{"rendered":"TRE do Cear\u00e1 homenageia personalidades com primeira edi\u00e7\u00e3o da Medalha do M\u00e9rito Eleitoral Padre C\u00edcero Rom\u00e3o Batista"},"content":{"rendered":"\n<p>O Tribunal Regional Eleitoral do Cear\u00e1 (TRE-CE) homenageou nesta sexta-feira, dia 22 de mar\u00e7o, em Juazeiro do Norte, na Regi\u00e3o do Cariri, o ministro do Superior Tribunal de Justi\u00e7a (STJ), Teodoro Silva Santos, o ministro da Educa\u00e7\u00e3o e ex-governador cearense, Camilo Santana (PT), e outras tr\u00eas personalidades in memorian. Os homenageados foram agraciados na primeira edi\u00e7\u00e3o da Medalha do M\u00e9rito Eleitoral Padre C\u00edcero Rom\u00e3o Batista, destinada a pessoas e institui\u00e7\u00f5es credoras de reconhecimento junto \u00e0 Justi\u00e7a Eleitoral no Estado.<\/p>\n\n\n\n<p>Foram homenageados de maneira p\u00f3stuma o militar, empres\u00e1rio e pol\u00edtico Humberto Bezerra, o ex-governador cearense e ex-parlamentar Adauto Bezerra e a soci\u00f3loga, psicanalista e ativista pol\u00edtica Violeta Arraes.\u00a0Tamb\u00e9m presente na cerim\u00f4nia, o governador do Cear\u00e1 Elmano de Freitas parabenizou o TRE pela escolha dos homenageados e o conte\u00fado do evento.<\/p>\n\n\n\n<figure class=\"wp-block-image size-full\"><img loading=\"lazy\" decoding=\"async\" width=\"480\" height=\"270\" src=\"https:\/\/blogdorogeriogomes.com.br\/noticias\/wp-content\/uploads\/2024\/03\/WhatsApp-Image-2024-03-22-at-23.25.44.jpeg\" alt=\"\" class=\"wp-image-32056\" srcset=\"https:\/\/blogdorogeriogomes.com.br\/noticias\/wp-content\/uploads\/2024\/03\/WhatsApp-Image-2024-03-22-at-23.25.44.jpeg 480w, https:\/\/blogdorogeriogomes.com.br\/noticias\/wp-content\/uploads\/2024\/03\/WhatsApp-Image-2024-03-22-at-23.25.44-300x169.jpeg 300w\" sizes=\"auto, (max-width: 480px) 100vw, 480px\" \/><\/figure>\n","protected":false},"excerpt":{"rendered":"<p>O Tribunal Regional Eleitoral do Cear\u00e1 (TRE-CE) homenageou nesta sexta-feira, dia 22 de mar\u00e7o, em Juazeiro do Norte, na Regi\u00e3o do Cariri, o ministro do Superior Tribunal de Justi\u00e7a (STJ), Teodoro Silva Santos, o ministro da Educa\u00e7\u00e3o e ex-governador cearense, Camilo Santana (PT), e outras tr\u00eas personalidades in memorian. Os homenageados foram agraciados na primeira edi\u00e7\u00e3o da Medalha do M\u00e9rito Eleitoral Padre C\u00edcero Rom\u00e3o Batista, destinada a pessoas e institui\u00e7\u00f5es credoras de reconhecimento junto \u00e0 Justi\u00e7a Eleitoral no Estado.&hellip;<\/p>\n","protected":false},"author":1,"featured_media":32056,"comment_status":"open","ping_status":"open","sticky":false,"template":"","format":"standard","meta":{"footnotes":""},"categories":[1],"tags":[],"class_list":["post-32055","post","type-post","status-publish","format-standard","has-post-thumbnail","hentry","category-noticias"],"_links":{"self":[{"href":"https:\/\/blogdorogeriogomes.com.br\/noticias\/wp-json\/wp\/v2\/posts\/32055","targetHints":{"allow":["GET"]}}],"collection":[{"href":"https:\/\/blogdorogeriogomes.com.br\/noticias\/wp-json\/wp\/v2\/posts"}],"about":[{"href":"https:\/\/blogdorogeriogomes.com.br\/noticias\/wp-json\/wp\/v2\/types\/post"}],"author":[{"embeddable":true,"href":"https:\/\/blogdorogeriogomes.com.br\/noticias\/wp-json\/wp\/v2\/users\/1"}],"replies":[{"embeddable":true,"href":"https:\/\/blogdorogeriogomes.com.br\/noticias\/wp-json\/wp\/v2\/comments?post=32055"}],"version-history":[{"count":1,"href":"https:\/\/blogdorogeriogomes.com.br\/noticias\/wp-json\/wp\/v2\/posts\/32055\/revisions"}],"predecessor-version":[{"id":32057,"href":"https:\/\/blogdorogeriogomes.com.br\/noticias\/wp-json\/wp\/v2\/posts\/32055\/revisions\/32057"}],"wp:featuredmedia":[{"embeddable":true,"href":"https:\/\/blogdorogeriogomes.com.br\/noticias\/wp-json\/wp\/v2\/media\/32056"}],"wp:attachment":[{"href":"https:\/\/blogdorogeriogomes.com.br\/noticias\/wp-json\/wp\/v2\/media?parent=32055"}],"wp:term":[{"taxonomy":"category","embeddable":true,"href":"https:\/\/blogdorogeriogomes.com.br\/noticias\/wp-json\/wp\/v2\/categories?post=32055"},{"taxonomy":"post_tag","embeddable":true,"href":"https:\/\/blogdorogeriogomes.com.br\/noticias\/wp-json\/wp\/v2\/tags?post=32055"}],"curies":[{"name":"wp","href":"https:\/\/api.w.org\/{rel}","templated":true}]}}