{"id":32070,"date":"2024-03-24T10:57:25","date_gmt":"2024-03-24T10:57:25","guid":{"rendered":"https:\/\/blogdorogeriogomes.com.br\/noticias\/?p=32070"},"modified":"2024-03-24T10:57:25","modified_gmt":"2024-03-24T10:57:25","slug":"policia-federal-prende-suspeitos-de-mandar-matar-vereadora-marielle-franco-no-rj","status":"publish","type":"post","link":"https:\/\/blogdorogeriogomes.com.br\/noticias\/2024\/03\/policia-federal-prende-suspeitos-de-mandar-matar-vereadora-marielle-franco-no-rj\/","title":{"rendered":"Pol\u00edcia Federal prende suspeitos de mandar matar vereadora Marielle Franco no RJ"},"content":{"rendered":"\n<p>Uma opera\u00e7\u00e3o conjunta da Procuradoria Geral da Rep\u00fablica, do Minist\u00e9rio P\u00fablico do Rio de Janeiro e da Pol\u00edcia Federal prendeu neste domingo, dia 24 de mar\u00e7o, tr\u00eas suspeitos de serem os mandantes do assassinato da vereadora Marielle Franco, em mar\u00e7o de 2018.<\/p>\n\n\n\n<p>Foram presos Domingos Braz\u00e3o, atual conselheiro do Tribunal de Contas do Estado, Chiquinho Braz\u00e3o, deputado federal do Rio de Janeiro, e Rivaldo Barbosa, ex-chefe de Pol\u00edcia Civil do Rio.<br>Al\u00e9m das tr\u00eas pris\u00f5es, foram expedidos 12 mandados de busca e apreens\u00e3o na sede da Pol\u00edcia Civil do Rio e no Tribunal de Contas do Estado. Os agentes apreenderam documentos e levaram eletr\u00f4nicos para per\u00edcia.<\/p>\n\n\n\n<p>Os investigadores ainda trabalham para definir a motiva\u00e7\u00e3o do crime. Do que j\u00e1 se sabe, o motivo tem a ver com a expans\u00e3o territorial da mil\u00edcia no Rio de Janeiro.<\/p>\n\n\n\n<figure class=\"wp-block-image size-full\"><img loading=\"lazy\" decoding=\"async\" width=\"540\" height=\"304\" src=\"https:\/\/blogdorogeriogomes.com.br\/noticias\/wp-content\/uploads\/2024\/03\/mandantes-marielle.jpg\" alt=\"\" class=\"wp-image-32071\" srcset=\"https:\/\/blogdorogeriogomes.com.br\/noticias\/wp-content\/uploads\/2024\/03\/mandantes-marielle.jpg 540w, https:\/\/blogdorogeriogomes.com.br\/noticias\/wp-content\/uploads\/2024\/03\/mandantes-marielle-300x169.jpg 300w\" sizes=\"auto, (max-width: 540px) 100vw, 540px\" \/><\/figure>\n","protected":false},"excerpt":{"rendered":"<p>Uma opera\u00e7\u00e3o conjunta da Procuradoria Geral da Rep\u00fablica, do Minist\u00e9rio P\u00fablico do Rio de Janeiro e da Pol\u00edcia Federal prendeu neste domingo, dia 24 de mar\u00e7o, tr\u00eas suspeitos de serem os mandantes do assassinato da vereadora Marielle Franco, em mar\u00e7o de 2018. Foram presos Domingos Braz\u00e3o, atual conselheiro do Tribunal de Contas do Estado, Chiquinho Braz\u00e3o, deputado federal do Rio de Janeiro, e Rivaldo Barbosa, ex-chefe de Pol\u00edcia Civil do Rio.Al\u00e9m das tr\u00eas pris\u00f5es, foram expedidos 12 mandados de&hellip;<\/p>\n","protected":false},"author":1,"featured_media":32071,"comment_status":"open","ping_status":"open","sticky":false,"template":"","format":"standard","meta":{"footnotes":""},"categories":[1],"tags":[],"class_list":["post-32070","post","type-post","status-publish","format-standard","has-post-thumbnail","hentry","category-noticias"],"_links":{"self":[{"href":"https:\/\/blogdorogeriogomes.com.br\/noticias\/wp-json\/wp\/v2\/posts\/32070","targetHints":{"allow":["GET"]}}],"collection":[{"href":"https:\/\/blogdorogeriogomes.com.br\/noticias\/wp-json\/wp\/v2\/posts"}],"about":[{"href":"https:\/\/blogdorogeriogomes.com.br\/noticias\/wp-json\/wp\/v2\/types\/post"}],"author":[{"embeddable":true,"href":"https:\/\/blogdorogeriogomes.com.br\/noticias\/wp-json\/wp\/v2\/users\/1"}],"replies":[{"embeddable":true,"href":"https:\/\/blogdorogeriogomes.com.br\/noticias\/wp-json\/wp\/v2\/comments?post=32070"}],"version-history":[{"count":1,"href":"https:\/\/blogdorogeriogomes.com.br\/noticias\/wp-json\/wp\/v2\/posts\/32070\/revisions"}],"predecessor-version":[{"id":32072,"href":"https:\/\/blogdorogeriogomes.com.br\/noticias\/wp-json\/wp\/v2\/posts\/32070\/revisions\/32072"}],"wp:featuredmedia":[{"embeddable":true,"href":"https:\/\/blogdorogeriogomes.com.br\/noticias\/wp-json\/wp\/v2\/media\/32071"}],"wp:attachment":[{"href":"https:\/\/blogdorogeriogomes.com.br\/noticias\/wp-json\/wp\/v2\/media?parent=32070"}],"wp:term":[{"taxonomy":"category","embeddable":true,"href":"https:\/\/blogdorogeriogomes.com.br\/noticias\/wp-json\/wp\/v2\/categories?post=32070"},{"taxonomy":"post_tag","embeddable":true,"href":"https:\/\/blogdorogeriogomes.com.br\/noticias\/wp-json\/wp\/v2\/tags?post=32070"}],"curies":[{"name":"wp","href":"https:\/\/api.w.org\/{rel}","templated":true}]}}