{"id":32076,"date":"2024-03-26T00:14:14","date_gmt":"2024-03-26T00:14:14","guid":{"rendered":"https:\/\/blogdorogeriogomes.com.br\/noticias\/?p=32076"},"modified":"2024-03-26T00:14:14","modified_gmt":"2024-03-26T00:14:14","slug":"definidos-os-homenageados-com-a-medalha-da-abolicao-2024","status":"publish","type":"post","link":"https:\/\/blogdorogeriogomes.com.br\/noticias\/2024\/03\/definidos-os-homenageados-com-a-medalha-da-abolicao-2024\/","title":{"rendered":"Definidos os homenageados com a Medalha da Aboli\u00e7\u00e3o 2024"},"content":{"rendered":"\n<p>Reconhecida como a mais alta honraria do Estado, o governador Elmano de Freitas anunciou, nesta segunda-feira, dia 25 de mar\u00e7o, Data Magna do Cear\u00e1, os nomes dos seis homenageados da edi\u00e7\u00e3o de 2024 da Medalha da Aboli\u00e7\u00e3o. S\u00e3o eles: o ex-governador e ministro da Educa\u00e7\u00e3o, Camilo Santana; o produtor e diretor de cinema, Luiz Carlos Barreto; o escritor e jornalista, Lira Neto; o bispo em\u00e9rito de Limoeiro do Norte, Dom Edmilson Cruz; a empres\u00e1ria Ana L\u00facia Bastos Mota; e a Congrega\u00e7\u00e3o Franciscana de Canind\u00e9.<\/p>\n\n\n\n<p>A comenda, que homenageia personalidades de destaque que contribuem para o desenvolvimento social do Cear\u00e1, recebe esse nome em alus\u00e3o \u00e0 nossa Data Magna, 25 de mar\u00e7o de 1884, quando o jangadeiro Francisco Jos\u00e9 do Nascimento, o Chico da Matilde, \u2013 reconhecido como Drag\u00e3o do Mar \u2013 mobilizou colegas a se insurgirem contra o transporte de escravizados para o Sul do pa\u00eds. A a\u00e7\u00e3o tornou o Cear\u00e1 a primeira prov\u00edncia brasileira a abolir o tr\u00e1fico escravista no Brasil.<\/p>\n\n\n\n<figure class=\"wp-block-image size-full\"><img loading=\"lazy\" decoding=\"async\" width=\"768\" height=\"512\" src=\"https:\/\/blogdorogeriogomes.com.br\/noticias\/wp-content\/uploads\/2024\/03\/168f4ab5-4cd0-476b-85a8-3ca709c393f1.jpeg\" alt=\"\" class=\"wp-image-32077\" srcset=\"https:\/\/blogdorogeriogomes.com.br\/noticias\/wp-content\/uploads\/2024\/03\/168f4ab5-4cd0-476b-85a8-3ca709c393f1.jpeg 768w, https:\/\/blogdorogeriogomes.com.br\/noticias\/wp-content\/uploads\/2024\/03\/168f4ab5-4cd0-476b-85a8-3ca709c393f1-300x200.jpeg 300w\" sizes=\"auto, (max-width: 768px) 100vw, 768px\" \/><\/figure>\n","protected":false},"excerpt":{"rendered":"<p>Reconhecida como a mais alta honraria do Estado, o governador Elmano de Freitas anunciou, nesta segunda-feira, dia 25 de mar\u00e7o, Data Magna do Cear\u00e1, os nomes dos seis homenageados da edi\u00e7\u00e3o de 2024 da Medalha da Aboli\u00e7\u00e3o. S\u00e3o eles: o ex-governador e ministro da Educa\u00e7\u00e3o, Camilo Santana; o produtor e diretor de cinema, Luiz Carlos Barreto; o escritor e jornalista, Lira Neto; o bispo em\u00e9rito de Limoeiro do Norte, Dom Edmilson Cruz; a empres\u00e1ria Ana L\u00facia Bastos Mota; e&hellip;<\/p>\n","protected":false},"author":1,"featured_media":32077,"comment_status":"open","ping_status":"open","sticky":false,"template":"","format":"standard","meta":{"footnotes":""},"categories":[1],"tags":[],"class_list":["post-32076","post","type-post","status-publish","format-standard","has-post-thumbnail","hentry","category-noticias"],"_links":{"self":[{"href":"https:\/\/blogdorogeriogomes.com.br\/noticias\/wp-json\/wp\/v2\/posts\/32076","targetHints":{"allow":["GET"]}}],"collection":[{"href":"https:\/\/blogdorogeriogomes.com.br\/noticias\/wp-json\/wp\/v2\/posts"}],"about":[{"href":"https:\/\/blogdorogeriogomes.com.br\/noticias\/wp-json\/wp\/v2\/types\/post"}],"author":[{"embeddable":true,"href":"https:\/\/blogdorogeriogomes.com.br\/noticias\/wp-json\/wp\/v2\/users\/1"}],"replies":[{"embeddable":true,"href":"https:\/\/blogdorogeriogomes.com.br\/noticias\/wp-json\/wp\/v2\/comments?post=32076"}],"version-history":[{"count":1,"href":"https:\/\/blogdorogeriogomes.com.br\/noticias\/wp-json\/wp\/v2\/posts\/32076\/revisions"}],"predecessor-version":[{"id":32078,"href":"https:\/\/blogdorogeriogomes.com.br\/noticias\/wp-json\/wp\/v2\/posts\/32076\/revisions\/32078"}],"wp:featuredmedia":[{"embeddable":true,"href":"https:\/\/blogdorogeriogomes.com.br\/noticias\/wp-json\/wp\/v2\/media\/32077"}],"wp:attachment":[{"href":"https:\/\/blogdorogeriogomes.com.br\/noticias\/wp-json\/wp\/v2\/media?parent=32076"}],"wp:term":[{"taxonomy":"category","embeddable":true,"href":"https:\/\/blogdorogeriogomes.com.br\/noticias\/wp-json\/wp\/v2\/categories?post=32076"},{"taxonomy":"post_tag","embeddable":true,"href":"https:\/\/blogdorogeriogomes.com.br\/noticias\/wp-json\/wp\/v2\/tags?post=32076"}],"curies":[{"name":"wp","href":"https:\/\/api.w.org\/{rel}","templated":true}]}}