{"id":32082,"date":"2024-03-26T00:30:10","date_gmt":"2024-03-26T00:30:10","guid":{"rendered":"https:\/\/blogdorogeriogomes.com.br\/noticias\/?p=32082"},"modified":"2024-03-26T00:30:11","modified_gmt":"2024-03-26T00:30:11","slug":"ministerio-da-educacao-autoriza-criacao-de-curso-de-medicina-da-unilab-em-baturite","status":"publish","type":"post","link":"https:\/\/blogdorogeriogomes.com.br\/noticias\/2024\/03\/ministerio-da-educacao-autoriza-criacao-de-curso-de-medicina-da-unilab-em-baturite\/","title":{"rendered":"Minist\u00e9rio da Educa\u00e7\u00e3o autoriza cria\u00e7\u00e3o de curso de Medicina da Unilab em Baturit\u00e9"},"content":{"rendered":"\n<p>A cidade de Baturit\u00e9, na Regi\u00e3o do Maci\u00e7o, vai ganhar um curso de Medicina autorizado pelo Minist\u00e9rio da Educa\u00e7\u00e3o (MEC) nesta segunda-feira, dia 25 de mar\u00e7o. O curso ser\u00e1 vinculado a uma unidade acad\u00eamica da Universidade da Integra\u00e7\u00e3o Internacional da Lusofonia Afro-Brasileira (Unilab).<\/p>\n\n\n\n<p>A assinatura do Ato de Autoriza\u00e7\u00e3o do curso de Medicina contou com a presen\u00e7a do governador Elmano de Freitas, do prefeito de Baturit\u00e9, Herberlh Mota; da secret\u00e1ria-executiva do MEC, Izolda Cela; da senadora Augusta Brito; e de outras autoridades.<br><\/p>\n\n\n\n<figure class=\"wp-block-image size-full\"><img loading=\"lazy\" decoding=\"async\" width=\"750\" height=\"500\" src=\"https:\/\/blogdorogeriogomes.com.br\/noticias\/wp-content\/uploads\/2024\/03\/1_whatsapp_image_2024_03_25_at_19_21_48-26109739.jpeg\" alt=\"\" class=\"wp-image-32083\" srcset=\"https:\/\/blogdorogeriogomes.com.br\/noticias\/wp-content\/uploads\/2024\/03\/1_whatsapp_image_2024_03_25_at_19_21_48-26109739.jpeg 750w, https:\/\/blogdorogeriogomes.com.br\/noticias\/wp-content\/uploads\/2024\/03\/1_whatsapp_image_2024_03_25_at_19_21_48-26109739-300x200.jpeg 300w\" sizes=\"auto, (max-width: 750px) 100vw, 750px\" \/><\/figure>\n\n\n\n<p><br><\/p>\n","protected":false},"excerpt":{"rendered":"<p>A cidade de Baturit\u00e9, na Regi\u00e3o do Maci\u00e7o, vai ganhar um curso de Medicina autorizado pelo Minist\u00e9rio da Educa\u00e7\u00e3o (MEC) nesta segunda-feira, dia 25 de mar\u00e7o. O curso ser\u00e1 vinculado a uma unidade acad\u00eamica da Universidade da Integra\u00e7\u00e3o Internacional da Lusofonia Afro-Brasileira (Unilab). A assinatura do Ato de Autoriza\u00e7\u00e3o do curso de Medicina contou com a presen\u00e7a do governador Elmano de Freitas, do prefeito de Baturit\u00e9, Herberlh Mota; da secret\u00e1ria-executiva do MEC, Izolda Cela; da senadora Augusta Brito; e&hellip;<\/p>\n","protected":false},"author":1,"featured_media":32083,"comment_status":"open","ping_status":"open","sticky":false,"template":"","format":"standard","meta":{"footnotes":""},"categories":[1],"tags":[],"class_list":["post-32082","post","type-post","status-publish","format-standard","has-post-thumbnail","hentry","category-noticias"],"_links":{"self":[{"href":"https:\/\/blogdorogeriogomes.com.br\/noticias\/wp-json\/wp\/v2\/posts\/32082","targetHints":{"allow":["GET"]}}],"collection":[{"href":"https:\/\/blogdorogeriogomes.com.br\/noticias\/wp-json\/wp\/v2\/posts"}],"about":[{"href":"https:\/\/blogdorogeriogomes.com.br\/noticias\/wp-json\/wp\/v2\/types\/post"}],"author":[{"embeddable":true,"href":"https:\/\/blogdorogeriogomes.com.br\/noticias\/wp-json\/wp\/v2\/users\/1"}],"replies":[{"embeddable":true,"href":"https:\/\/blogdorogeriogomes.com.br\/noticias\/wp-json\/wp\/v2\/comments?post=32082"}],"version-history":[{"count":1,"href":"https:\/\/blogdorogeriogomes.com.br\/noticias\/wp-json\/wp\/v2\/posts\/32082\/revisions"}],"predecessor-version":[{"id":32084,"href":"https:\/\/blogdorogeriogomes.com.br\/noticias\/wp-json\/wp\/v2\/posts\/32082\/revisions\/32084"}],"wp:featuredmedia":[{"embeddable":true,"href":"https:\/\/blogdorogeriogomes.com.br\/noticias\/wp-json\/wp\/v2\/media\/32083"}],"wp:attachment":[{"href":"https:\/\/blogdorogeriogomes.com.br\/noticias\/wp-json\/wp\/v2\/media?parent=32082"}],"wp:term":[{"taxonomy":"category","embeddable":true,"href":"https:\/\/blogdorogeriogomes.com.br\/noticias\/wp-json\/wp\/v2\/categories?post=32082"},{"taxonomy":"post_tag","embeddable":true,"href":"https:\/\/blogdorogeriogomes.com.br\/noticias\/wp-json\/wp\/v2\/tags?post=32082"}],"curies":[{"name":"wp","href":"https:\/\/api.w.org\/{rel}","templated":true}]}}