{"id":32085,"date":"2024-03-26T11:06:29","date_gmt":"2024-03-26T11:06:29","guid":{"rendered":"https:\/\/blogdorogeriogomes.com.br\/noticias\/?p=32085"},"modified":"2024-03-26T11:06:29","modified_gmt":"2024-03-26T11:06:29","slug":"pagamento-da-primeira-parcela-do-programa-pe-de-meia-comeca-nesta-terca-feira-em-todo-o-pais","status":"publish","type":"post","link":"https:\/\/blogdorogeriogomes.com.br\/noticias\/2024\/03\/pagamento-da-primeira-parcela-do-programa-pe-de-meia-comeca-nesta-terca-feira-em-todo-o-pais\/","title":{"rendered":"Pagamento da primeira parcela do programa P\u00e9 de Meia come\u00e7a nesta ter\u00e7a-feira em todo o Pa\u00eds"},"content":{"rendered":"\n<p>Os alunos contemplados pelo programa P\u00e9-de-Meia que fazem anivers\u00e1rio em janeiro e fevereiro v\u00e3o receber nesta ter\u00e7a-feira, dia 26 de mar\u00e7o, a primeira parcela do benef\u00edcio. O valor de R$ 200 \u00e9 referente ao b\u00f4nus de matr\u00edcula e n\u00e3o \u00e9 descontado do incentivo de frequ\u00eancia de R$ 1.800, que ser\u00e1 pago em nove parcelas ao longo do ano. <\/p>\n\n\n\n<p>O P\u00e9-de-Meia \u00e9 um programa do Governo Federal, que ir\u00e1 fornecer incentivo financeiro para estudantes de baixa renda regularmente matriculados no ensino m\u00e9dio da rede p\u00fablica, como forma de combater a evas\u00e3o escolar. Ser\u00e3o contemplados alunos dos 14 aos 24 anos, cuja fam\u00edlia est\u00e1 inscrita no Cadastro \u00danico (Cad\u00danico).<\/p>\n\n\n\n<figure class=\"wp-block-image size-full\"><img loading=\"lazy\" decoding=\"async\" width=\"678\" height=\"452\" src=\"https:\/\/blogdorogeriogomes.com.br\/noticias\/wp-content\/uploads\/2024\/03\/images-41.jpeg\" alt=\"\" class=\"wp-image-32086\" srcset=\"https:\/\/blogdorogeriogomes.com.br\/noticias\/wp-content\/uploads\/2024\/03\/images-41.jpeg 678w, https:\/\/blogdorogeriogomes.com.br\/noticias\/wp-content\/uploads\/2024\/03\/images-41-300x200.jpeg 300w\" sizes=\"auto, (max-width: 678px) 100vw, 678px\" \/><\/figure>\n","protected":false},"excerpt":{"rendered":"<p>Os alunos contemplados pelo programa P\u00e9-de-Meia que fazem anivers\u00e1rio em janeiro e fevereiro v\u00e3o receber nesta ter\u00e7a-feira, dia 26 de mar\u00e7o, a primeira parcela do benef\u00edcio. O valor de R$ 200 \u00e9 referente ao b\u00f4nus de matr\u00edcula e n\u00e3o \u00e9 descontado do incentivo de frequ\u00eancia de R$ 1.800, que ser\u00e1 pago em nove parcelas ao longo do ano. O P\u00e9-de-Meia \u00e9 um programa do Governo Federal, que ir\u00e1 fornecer incentivo financeiro para estudantes de baixa renda regularmente matriculados no&hellip;<\/p>\n","protected":false},"author":1,"featured_media":32086,"comment_status":"open","ping_status":"open","sticky":false,"template":"","format":"standard","meta":{"footnotes":""},"categories":[1],"tags":[],"class_list":["post-32085","post","type-post","status-publish","format-standard","has-post-thumbnail","hentry","category-noticias"],"_links":{"self":[{"href":"https:\/\/blogdorogeriogomes.com.br\/noticias\/wp-json\/wp\/v2\/posts\/32085","targetHints":{"allow":["GET"]}}],"collection":[{"href":"https:\/\/blogdorogeriogomes.com.br\/noticias\/wp-json\/wp\/v2\/posts"}],"about":[{"href":"https:\/\/blogdorogeriogomes.com.br\/noticias\/wp-json\/wp\/v2\/types\/post"}],"author":[{"embeddable":true,"href":"https:\/\/blogdorogeriogomes.com.br\/noticias\/wp-json\/wp\/v2\/users\/1"}],"replies":[{"embeddable":true,"href":"https:\/\/blogdorogeriogomes.com.br\/noticias\/wp-json\/wp\/v2\/comments?post=32085"}],"version-history":[{"count":1,"href":"https:\/\/blogdorogeriogomes.com.br\/noticias\/wp-json\/wp\/v2\/posts\/32085\/revisions"}],"predecessor-version":[{"id":32087,"href":"https:\/\/blogdorogeriogomes.com.br\/noticias\/wp-json\/wp\/v2\/posts\/32085\/revisions\/32087"}],"wp:featuredmedia":[{"embeddable":true,"href":"https:\/\/blogdorogeriogomes.com.br\/noticias\/wp-json\/wp\/v2\/media\/32086"}],"wp:attachment":[{"href":"https:\/\/blogdorogeriogomes.com.br\/noticias\/wp-json\/wp\/v2\/media?parent=32085"}],"wp:term":[{"taxonomy":"category","embeddable":true,"href":"https:\/\/blogdorogeriogomes.com.br\/noticias\/wp-json\/wp\/v2\/categories?post=32085"},{"taxonomy":"post_tag","embeddable":true,"href":"https:\/\/blogdorogeriogomes.com.br\/noticias\/wp-json\/wp\/v2\/tags?post=32085"}],"curies":[{"name":"wp","href":"https:\/\/api.w.org\/{rel}","templated":true}]}}