{"id":32097,"date":"2024-03-26T21:19:02","date_gmt":"2024-03-26T21:19:02","guid":{"rendered":"https:\/\/blogdorogeriogomes.com.br\/noticias\/?p=32097"},"modified":"2024-03-26T21:19:03","modified_gmt":"2024-03-26T21:19:03","slug":"presidente-frances-emmanuel-macron-visita-brasil-e-se-encontra-com-lula-em-belem","status":"publish","type":"post","link":"https:\/\/blogdorogeriogomes.com.br\/noticias\/2024\/03\/presidente-frances-emmanuel-macron-visita-brasil-e-se-encontra-com-lula-em-belem\/","title":{"rendered":"Presidente franc\u00eas Emmanuel Macron visita Brasil e se encontra com Lula em Bel\u00e9m"},"content":{"rendered":"\n<p>O presidente da Fran\u00e7a, Emmanuel Macron, est\u00e1 no Brasil para uma visita de tr\u00eas dias a quatro cidades. Ele desembarcou nesta ter\u00e7a-feira, dia 26 de mar\u00e7o , em Bel\u00e9m (PA), e foi recebido pelo presidente Luiz In\u00e1cio Lula da Silva, com quem discutir\u00e1, at\u00e9 a pr\u00f3xima quinta-feira, dia 28,  temas como meio ambiente, defesa, economia e assuntos delicados, como a resist\u00eancia dos franceses ao acordo de livre com\u00e9rcio entre o Mercosul e a Uni\u00e3o Europeia e a posi\u00e7\u00e3o brasileira de n\u00e3o apoiar as san\u00e7\u00f5es aplicadas \u00e0 R\u00fassia pela invas\u00e3o da Ucr\u00e2nia. Ap\u00f3s passar pela Guiana Francesa, Macron far\u00e1 paradas em Bel\u00e9m, Rio de Janeiro, S\u00e3o Paulo e Bras\u00edlia.<\/p>\n\n\n\n<p>Interlocutores do governo da Fran\u00e7a anteciparam que Macron dir\u00e1 a Lula que seu pa\u00eds n\u00e3o est\u00e1 pronto para aprovar o acordo com o Mercosul. O presidente franc\u00eas sofre forte press\u00e3o dos agricultores, que temem a concorr\u00eancia dos sul-americanos. Sobre a guerra na Ucr\u00e2nia, o argumento do Brasil \u00e9 que as san\u00e7\u00f5es s\u00e3o unilaterais e teriam de ser aprovadas no \u00e2mbito das Na\u00e7\u00f5es Unidas.<\/p>\n\n\n\n<figure class=\"wp-block-image size-large\"><img loading=\"lazy\" decoding=\"async\" width=\"1024\" height=\"683\" src=\"https:\/\/blogdorogeriogomes.com.br\/noticias\/wp-content\/uploads\/2024\/03\/IMG-20240326-WA0163-1024x683.jpg\" alt=\"\" class=\"wp-image-32098\" srcset=\"https:\/\/blogdorogeriogomes.com.br\/noticias\/wp-content\/uploads\/2024\/03\/IMG-20240326-WA0163-1024x683.jpg 1024w, https:\/\/blogdorogeriogomes.com.br\/noticias\/wp-content\/uploads\/2024\/03\/IMG-20240326-WA0163-300x200.jpg 300w, https:\/\/blogdorogeriogomes.com.br\/noticias\/wp-content\/uploads\/2024\/03\/IMG-20240326-WA0163-768x512.jpg 768w, https:\/\/blogdorogeriogomes.com.br\/noticias\/wp-content\/uploads\/2024\/03\/IMG-20240326-WA0163-800x534.jpg 800w, https:\/\/blogdorogeriogomes.com.br\/noticias\/wp-content\/uploads\/2024\/03\/IMG-20240326-WA0163.jpg 1079w\" sizes=\"auto, (max-width: 1024px) 100vw, 1024px\" \/><\/figure>\n","protected":false},"excerpt":{"rendered":"<p>O presidente da Fran\u00e7a, Emmanuel Macron, est\u00e1 no Brasil para uma visita de tr\u00eas dias a quatro cidades. Ele desembarcou nesta ter\u00e7a-feira, dia 26 de mar\u00e7o , em Bel\u00e9m (PA), e foi recebido pelo presidente Luiz In\u00e1cio Lula da Silva, com quem discutir\u00e1, at\u00e9 a pr\u00f3xima quinta-feira, dia 28, temas como meio ambiente, defesa, economia e assuntos delicados, como a resist\u00eancia dos franceses ao acordo de livre com\u00e9rcio entre o Mercosul e a Uni\u00e3o Europeia e a posi\u00e7\u00e3o brasileira&hellip;<\/p>\n","protected":false},"author":1,"featured_media":32098,"comment_status":"open","ping_status":"open","sticky":false,"template":"","format":"standard","meta":{"footnotes":""},"categories":[1],"tags":[],"class_list":["post-32097","post","type-post","status-publish","format-standard","has-post-thumbnail","hentry","category-noticias"],"_links":{"self":[{"href":"https:\/\/blogdorogeriogomes.com.br\/noticias\/wp-json\/wp\/v2\/posts\/32097","targetHints":{"allow":["GET"]}}],"collection":[{"href":"https:\/\/blogdorogeriogomes.com.br\/noticias\/wp-json\/wp\/v2\/posts"}],"about":[{"href":"https:\/\/blogdorogeriogomes.com.br\/noticias\/wp-json\/wp\/v2\/types\/post"}],"author":[{"embeddable":true,"href":"https:\/\/blogdorogeriogomes.com.br\/noticias\/wp-json\/wp\/v2\/users\/1"}],"replies":[{"embeddable":true,"href":"https:\/\/blogdorogeriogomes.com.br\/noticias\/wp-json\/wp\/v2\/comments?post=32097"}],"version-history":[{"count":1,"href":"https:\/\/blogdorogeriogomes.com.br\/noticias\/wp-json\/wp\/v2\/posts\/32097\/revisions"}],"predecessor-version":[{"id":32099,"href":"https:\/\/blogdorogeriogomes.com.br\/noticias\/wp-json\/wp\/v2\/posts\/32097\/revisions\/32099"}],"wp:featuredmedia":[{"embeddable":true,"href":"https:\/\/blogdorogeriogomes.com.br\/noticias\/wp-json\/wp\/v2\/media\/32098"}],"wp:attachment":[{"href":"https:\/\/blogdorogeriogomes.com.br\/noticias\/wp-json\/wp\/v2\/media?parent=32097"}],"wp:term":[{"taxonomy":"category","embeddable":true,"href":"https:\/\/blogdorogeriogomes.com.br\/noticias\/wp-json\/wp\/v2\/categories?post=32097"},{"taxonomy":"post_tag","embeddable":true,"href":"https:\/\/blogdorogeriogomes.com.br\/noticias\/wp-json\/wp\/v2\/tags?post=32097"}],"curies":[{"name":"wp","href":"https:\/\/api.w.org\/{rel}","templated":true}]}}