{"id":32110,"date":"2024-03-27T17:04:37","date_gmt":"2024-03-27T17:04:37","guid":{"rendered":"https:\/\/blogdorogeriogomes.com.br\/noticias\/?p=32110"},"modified":"2024-03-27T17:04:38","modified_gmt":"2024-03-27T17:04:38","slug":"ministro-das-comunicacoes-comanda-blitz-de-telefonia-movel-em-fortaleza","status":"publish","type":"post","link":"https:\/\/blogdorogeriogomes.com.br\/noticias\/2024\/03\/ministro-das-comunicacoes-comanda-blitz-de-telefonia-movel-em-fortaleza\/","title":{"rendered":"Ministro das Comunica\u00e7\u00f5es comanda Blitz de Telefonia M\u00f3vel em Fortaleza"},"content":{"rendered":"\n<p>O Minist\u00e9rio das Comunica\u00e7\u00f5es realizou nesta quarta-feira, dia 27 de mar\u00e7o, uma\u00a0Blitz de Telefonia M\u00f3vel em Fortaleza com a presen\u00e7a do ministro Juscelino Filho.<\/p>\n\n\n\n<p>A blitz aconteceu na pra\u00e7a da Imprensa, no bairro Dion\u00edsio Torres, em Fortaleza. O ministro das Comunica\u00e7\u00f5es, Juscelino Filho, participou da Blitz de Telefonia M\u00f3vel, uma iniciativa do Minist\u00e9rio das Comunica\u00e7\u00f5es com a Ag\u00eancia Nacional de Telecomunica\u00e7\u00f5es (Anatel). O objetivo \u00e9 fiscalizar a qualidade do sinal das operadoras para elevar os padr\u00f5es de servi\u00e7o. &#8220;Os t\u00e9cnicos analisam as chamadas regi\u00f5es de \u201csombra\u201d, com problemas de sinal mesmo em grandes cidades&#8221;, disse Vicente Aquino, conselheiro da Anatel.<\/p>\n\n\n\n<p>No per\u00edodo da tarde, o ministro Juscelino Filho participou de uma cerim\u00f4nia de formatura de alunos de um programa nacional de inclus\u00e3o digital em Maracana\u00fa, na Regi\u00e3o Metropolitana de Fortaleza.<\/p>\n\n\n\n<p>Juscelino Filho esteve presente na cerim\u00f4nia de formatura de alunos dos cursos oferecidos pelo Centro de Recondicionamento de Computadores (CRC) e realizou a doa\u00e7\u00e3o de computadores, por meio do programa Computadores para Inclus\u00e3o, a representantes de institui\u00e7\u00f5es e escolas p\u00fablicas.\u00a0<\/p>\n\n\n\n<figure class=\"wp-block-image size-full\"><img loading=\"lazy\" decoding=\"async\" width=\"768\" height=\"398\" src=\"https:\/\/blogdorogeriogomes.com.br\/noticias\/wp-content\/uploads\/2024\/03\/6eed9562-05cb-4282-8972-f85d7afb6f60.jpeg\" alt=\"\" class=\"wp-image-32111\" srcset=\"https:\/\/blogdorogeriogomes.com.br\/noticias\/wp-content\/uploads\/2024\/03\/6eed9562-05cb-4282-8972-f85d7afb6f60.jpeg 768w, https:\/\/blogdorogeriogomes.com.br\/noticias\/wp-content\/uploads\/2024\/03\/6eed9562-05cb-4282-8972-f85d7afb6f60-300x155.jpeg 300w\" sizes=\"auto, (max-width: 768px) 100vw, 768px\" \/><\/figure>\n\n\n\n<p><\/p>\n","protected":false},"excerpt":{"rendered":"<p>O Minist\u00e9rio das Comunica\u00e7\u00f5es realizou nesta quarta-feira, dia 27 de mar\u00e7o, uma\u00a0Blitz de Telefonia M\u00f3vel em Fortaleza com a presen\u00e7a do ministro Juscelino Filho. A blitz aconteceu na pra\u00e7a da Imprensa, no bairro Dion\u00edsio Torres, em Fortaleza. O ministro das Comunica\u00e7\u00f5es, Juscelino Filho, participou da Blitz de Telefonia M\u00f3vel, uma iniciativa do Minist\u00e9rio das Comunica\u00e7\u00f5es com a Ag\u00eancia Nacional de Telecomunica\u00e7\u00f5es (Anatel). O objetivo \u00e9 fiscalizar a qualidade do sinal das operadoras para elevar os padr\u00f5es de servi\u00e7o. &#8220;Os&hellip;<\/p>\n","protected":false},"author":1,"featured_media":32111,"comment_status":"open","ping_status":"open","sticky":false,"template":"","format":"standard","meta":{"footnotes":""},"categories":[1],"tags":[],"class_list":["post-32110","post","type-post","status-publish","format-standard","has-post-thumbnail","hentry","category-noticias"],"_links":{"self":[{"href":"https:\/\/blogdorogeriogomes.com.br\/noticias\/wp-json\/wp\/v2\/posts\/32110","targetHints":{"allow":["GET"]}}],"collection":[{"href":"https:\/\/blogdorogeriogomes.com.br\/noticias\/wp-json\/wp\/v2\/posts"}],"about":[{"href":"https:\/\/blogdorogeriogomes.com.br\/noticias\/wp-json\/wp\/v2\/types\/post"}],"author":[{"embeddable":true,"href":"https:\/\/blogdorogeriogomes.com.br\/noticias\/wp-json\/wp\/v2\/users\/1"}],"replies":[{"embeddable":true,"href":"https:\/\/blogdorogeriogomes.com.br\/noticias\/wp-json\/wp\/v2\/comments?post=32110"}],"version-history":[{"count":1,"href":"https:\/\/blogdorogeriogomes.com.br\/noticias\/wp-json\/wp\/v2\/posts\/32110\/revisions"}],"predecessor-version":[{"id":32112,"href":"https:\/\/blogdorogeriogomes.com.br\/noticias\/wp-json\/wp\/v2\/posts\/32110\/revisions\/32112"}],"wp:featuredmedia":[{"embeddable":true,"href":"https:\/\/blogdorogeriogomes.com.br\/noticias\/wp-json\/wp\/v2\/media\/32111"}],"wp:attachment":[{"href":"https:\/\/blogdorogeriogomes.com.br\/noticias\/wp-json\/wp\/v2\/media?parent=32110"}],"wp:term":[{"taxonomy":"category","embeddable":true,"href":"https:\/\/blogdorogeriogomes.com.br\/noticias\/wp-json\/wp\/v2\/categories?post=32110"},{"taxonomy":"post_tag","embeddable":true,"href":"https:\/\/blogdorogeriogomes.com.br\/noticias\/wp-json\/wp\/v2\/tags?post=32110"}],"curies":[{"name":"wp","href":"https:\/\/api.w.org\/{rel}","templated":true}]}}