{"id":32116,"date":"2024-03-28T11:22:22","date_gmt":"2024-03-28T11:22:22","guid":{"rendered":"https:\/\/blogdorogeriogomes.com.br\/noticias\/?p=32116"},"modified":"2024-03-28T11:22:22","modified_gmt":"2024-03-28T11:22:22","slug":"elmano-de-freitas-anuncia-concurso-com-mais-de-mil-vagas-para-o-sistema-socioeducativo","status":"publish","type":"post","link":"https:\/\/blogdorogeriogomes.com.br\/noticias\/2024\/03\/elmano-de-freitas-anuncia-concurso-com-mais-de-mil-vagas-para-o-sistema-socioeducativo\/","title":{"rendered":"Elmano de Freitas anuncia concurso com mais de mil vagas para o sistema socioeducativo"},"content":{"rendered":"\n<p>O governador Elmano de Freitas anunciou a realiza\u00e7\u00e3o de mais um concurso p\u00fablico. Desta vez, a novidade foi o primeiro concurso da Superintend\u00eancia do Sistema Estadual de Atendimento Socioeducativo do Cear\u00e1 (Seas). Ser\u00e3o 1.080 vagas, com cargos para n\u00edvel m\u00e9dio e superior.\u00a0<\/p>\n\n\n\n<p>O concurso ir\u00e1 selecionar profissionais que ir\u00e3o acompanhar a aplica\u00e7\u00e3o das pol\u00edticas socioeducativas e ressocializa\u00e7\u00e3o de jovens dos 19 centros do Estado. Para o n\u00edvel m\u00e9dio, onde est\u00e3o disponibilizadas a maior parte das vagas, ser\u00e3o 964 cargos de socioeducador. Para o n\u00edvel superior, s\u00e3o 116 vagas para analista socioeducativo, sendo 50 vagas para servi\u00e7o social, 49 para a \u00e1rea da psicologia e 17 vagas para pedagogia. As inscri\u00e7\u00f5es ter\u00e3o in\u00edcio em 17 abril, por meio do site da Comiss\u00e3o Executiva do Vestibular da Uece.<\/p>\n\n\n\n<p>\u00a0Elmano de Freitas tamb\u00e9m sancionou, nesta quarta-feira, a lei que cria a Di\u00e1ria de Refor\u00e7o ao Servi\u00e7o Operacional para policiais militares, civis e penais, al\u00e9m de bombeiros militares. A nova legisla\u00e7\u00e3o garante o pagamento de horas extras para esses profissionais sem a dedu\u00e7\u00e3o do imposto de renda. Tamb\u00e9m foi assinado o decreto para a aquisi\u00e7\u00e3o de novos fardamentos para militares. O an\u00fancio aconteceu pelas redes sociais do chefe do Executivo Estadual e contou com a presen\u00e7a dos titulares das For\u00e7as de Seguran\u00e7a P\u00fablica do Estado.<\/p>\n\n\n\n<figure class=\"wp-block-image size-full\"><img loading=\"lazy\" decoding=\"async\" width=\"600\" height=\"400\" src=\"https:\/\/blogdorogeriogomes.com.br\/noticias\/wp-content\/uploads\/2024\/03\/images-42.jpeg\" alt=\"\" class=\"wp-image-32117\" srcset=\"https:\/\/blogdorogeriogomes.com.br\/noticias\/wp-content\/uploads\/2024\/03\/images-42.jpeg 600w, https:\/\/blogdorogeriogomes.com.br\/noticias\/wp-content\/uploads\/2024\/03\/images-42-300x200.jpeg 300w\" sizes=\"auto, (max-width: 600px) 100vw, 600px\" \/><\/figure>\n","protected":false},"excerpt":{"rendered":"<p>O governador Elmano de Freitas anunciou a realiza\u00e7\u00e3o de mais um concurso p\u00fablico. Desta vez, a novidade foi o primeiro concurso da Superintend\u00eancia do Sistema Estadual de Atendimento Socioeducativo do Cear\u00e1 (Seas). Ser\u00e3o 1.080 vagas, com cargos para n\u00edvel m\u00e9dio e superior.\u00a0 O concurso ir\u00e1 selecionar profissionais que ir\u00e3o acompanhar a aplica\u00e7\u00e3o das pol\u00edticas socioeducativas e ressocializa\u00e7\u00e3o de jovens dos 19 centros do Estado. Para o n\u00edvel m\u00e9dio, onde est\u00e3o disponibilizadas a maior parte das vagas, ser\u00e3o 964 cargos&hellip;<\/p>\n","protected":false},"author":1,"featured_media":32117,"comment_status":"open","ping_status":"open","sticky":false,"template":"","format":"standard","meta":{"footnotes":""},"categories":[1],"tags":[],"class_list":["post-32116","post","type-post","status-publish","format-standard","has-post-thumbnail","hentry","category-noticias"],"_links":{"self":[{"href":"https:\/\/blogdorogeriogomes.com.br\/noticias\/wp-json\/wp\/v2\/posts\/32116","targetHints":{"allow":["GET"]}}],"collection":[{"href":"https:\/\/blogdorogeriogomes.com.br\/noticias\/wp-json\/wp\/v2\/posts"}],"about":[{"href":"https:\/\/blogdorogeriogomes.com.br\/noticias\/wp-json\/wp\/v2\/types\/post"}],"author":[{"embeddable":true,"href":"https:\/\/blogdorogeriogomes.com.br\/noticias\/wp-json\/wp\/v2\/users\/1"}],"replies":[{"embeddable":true,"href":"https:\/\/blogdorogeriogomes.com.br\/noticias\/wp-json\/wp\/v2\/comments?post=32116"}],"version-history":[{"count":1,"href":"https:\/\/blogdorogeriogomes.com.br\/noticias\/wp-json\/wp\/v2\/posts\/32116\/revisions"}],"predecessor-version":[{"id":32118,"href":"https:\/\/blogdorogeriogomes.com.br\/noticias\/wp-json\/wp\/v2\/posts\/32116\/revisions\/32118"}],"wp:featuredmedia":[{"embeddable":true,"href":"https:\/\/blogdorogeriogomes.com.br\/noticias\/wp-json\/wp\/v2\/media\/32117"}],"wp:attachment":[{"href":"https:\/\/blogdorogeriogomes.com.br\/noticias\/wp-json\/wp\/v2\/media?parent=32116"}],"wp:term":[{"taxonomy":"category","embeddable":true,"href":"https:\/\/blogdorogeriogomes.com.br\/noticias\/wp-json\/wp\/v2\/categories?post=32116"},{"taxonomy":"post_tag","embeddable":true,"href":"https:\/\/blogdorogeriogomes.com.br\/noticias\/wp-json\/wp\/v2\/tags?post=32116"}],"curies":[{"name":"wp","href":"https:\/\/api.w.org\/{rel}","templated":true}]}}