{"id":32119,"date":"2024-03-28T11:42:56","date_gmt":"2024-03-28T11:42:56","guid":{"rendered":"https:\/\/blogdorogeriogomes.com.br\/noticias\/?p=32119"},"modified":"2024-03-28T11:42:56","modified_gmt":"2024-03-28T11:42:56","slug":"lula-e-macron-anunciam-acordo-de-construcao-de-submarino-nuclear-para-garantir-a-paz-presidentes-voltam-a-se-reunir-em-brasilia","status":"publish","type":"post","link":"https:\/\/blogdorogeriogomes.com.br\/noticias\/2024\/03\/lula-e-macron-anunciam-acordo-de-construcao-de-submarino-nuclear-para-garantir-a-paz-presidentes-voltam-a-se-reunir-em-brasilia\/","title":{"rendered":"Lula e Macron anunciam acordo de constru\u00e7\u00e3o de submarino nuclear para &#8216;garantir a paz&#8217;. Presidentes voltam a se reunir em Bras\u00edlia"},"content":{"rendered":"\n<p>Em evento no Rio de Janeiro, o presidente Luiz In\u00e1cio Lula da Siva anunciou ao lado do presidente franc\u00eas, Emmanuel Macron, uma parceria entre os pa\u00edses que prev\u00ea a troca de tecnologia para a constru\u00e7\u00e3o no Brasil de um submarino de propuls\u00e3o nuclear.<\/p>\n\n\n\n<p>&#8220;Diga aos franceses que o Brasil quer o conhecimento da tecnologia nuclear, n\u00e3o para ter guerra, mas para garantir aos pa\u00edses que querem paz, que o Brasil estar\u00e1 ao lado de todos eles&#8221;, disse Lula.<\/p>\n\n\n\n<p>Os presidentes do Brasil e da Fran\u00e7a acompanharam o lan\u00e7amento do submarino Tonelero, no complexo militar de Itagua\u00ed no Rio de Janeiro (RJ). Esse \u00e9 o terceiro submarino fabricado por meio do acordo de coopera\u00e7\u00e3o entre os dois pa\u00edses. O quarto submarino deve ser lan\u00e7ado no pr\u00f3ximo ano e, ap\u00f3s a conclus\u00e3o desta etapa, ter\u00e1 in\u00edcio a parceria para a constru\u00e7\u00e3o do primeiro submarino de propuls\u00e3o nuclear no Brasil.<\/p>\n\n\n\n<p>Lula e Macron devem debater em encontro nesta quinta-feira, dia 28 de mar\u00e7o, no Pal\u00e1cio do Planalto, em Bras\u00edlia, assuntos em que os dois pa\u00edses discordam no campo da pol\u00edtica internacional, como o acordo de livre com\u00e9rcio entre a Uni\u00e3o Europeia e o Mercosul e a guerra entre a R\u00fassia e a Ucr\u00e2nia. Este \u00e9 o terceiro dia de viagem pelo pa\u00eds do presidente franc\u00eas, ap\u00f3s Macron passar por Par\u00e1, Rio de Janeiro e S\u00e3o Paulo.<\/p>\n\n\n\n<figure class=\"wp-block-image size-large\"><img loading=\"lazy\" decoding=\"async\" width=\"1024\" height=\"794\" src=\"https:\/\/blogdorogeriogomes.com.br\/noticias\/wp-content\/uploads\/2024\/03\/IMG-20240328-WA0024-1024x794.jpg\" alt=\"\" class=\"wp-image-32120\" srcset=\"https:\/\/blogdorogeriogomes.com.br\/noticias\/wp-content\/uploads\/2024\/03\/IMG-20240328-WA0024-1024x794.jpg 1024w, https:\/\/blogdorogeriogomes.com.br\/noticias\/wp-content\/uploads\/2024\/03\/IMG-20240328-WA0024-300x233.jpg 300w, https:\/\/blogdorogeriogomes.com.br\/noticias\/wp-content\/uploads\/2024\/03\/IMG-20240328-WA0024-768x595.jpg 768w, https:\/\/blogdorogeriogomes.com.br\/noticias\/wp-content\/uploads\/2024\/03\/IMG-20240328-WA0024-800x620.jpg 800w, https:\/\/blogdorogeriogomes.com.br\/noticias\/wp-content\/uploads\/2024\/03\/IMG-20240328-WA0024.jpg 1080w\" sizes=\"auto, (max-width: 1024px) 100vw, 1024px\" \/><\/figure>\n","protected":false},"excerpt":{"rendered":"<p>Em evento no Rio de Janeiro, o presidente Luiz In\u00e1cio Lula da Siva anunciou ao lado do presidente franc\u00eas, Emmanuel Macron, uma parceria entre os pa\u00edses que prev\u00ea a troca de tecnologia para a constru\u00e7\u00e3o no Brasil de um submarino de propuls\u00e3o nuclear. &#8220;Diga aos franceses que o Brasil quer o conhecimento da tecnologia nuclear, n\u00e3o para ter guerra, mas para garantir aos pa\u00edses que querem paz, que o Brasil estar\u00e1 ao lado de todos eles&#8221;, disse Lula. Os&hellip;<\/p>\n","protected":false},"author":1,"featured_media":32120,"comment_status":"open","ping_status":"open","sticky":false,"template":"","format":"standard","meta":{"footnotes":""},"categories":[1],"tags":[],"class_list":["post-32119","post","type-post","status-publish","format-standard","has-post-thumbnail","hentry","category-noticias"],"_links":{"self":[{"href":"https:\/\/blogdorogeriogomes.com.br\/noticias\/wp-json\/wp\/v2\/posts\/32119","targetHints":{"allow":["GET"]}}],"collection":[{"href":"https:\/\/blogdorogeriogomes.com.br\/noticias\/wp-json\/wp\/v2\/posts"}],"about":[{"href":"https:\/\/blogdorogeriogomes.com.br\/noticias\/wp-json\/wp\/v2\/types\/post"}],"author":[{"embeddable":true,"href":"https:\/\/blogdorogeriogomes.com.br\/noticias\/wp-json\/wp\/v2\/users\/1"}],"replies":[{"embeddable":true,"href":"https:\/\/blogdorogeriogomes.com.br\/noticias\/wp-json\/wp\/v2\/comments?post=32119"}],"version-history":[{"count":1,"href":"https:\/\/blogdorogeriogomes.com.br\/noticias\/wp-json\/wp\/v2\/posts\/32119\/revisions"}],"predecessor-version":[{"id":32121,"href":"https:\/\/blogdorogeriogomes.com.br\/noticias\/wp-json\/wp\/v2\/posts\/32119\/revisions\/32121"}],"wp:featuredmedia":[{"embeddable":true,"href":"https:\/\/blogdorogeriogomes.com.br\/noticias\/wp-json\/wp\/v2\/media\/32120"}],"wp:attachment":[{"href":"https:\/\/blogdorogeriogomes.com.br\/noticias\/wp-json\/wp\/v2\/media?parent=32119"}],"wp:term":[{"taxonomy":"category","embeddable":true,"href":"https:\/\/blogdorogeriogomes.com.br\/noticias\/wp-json\/wp\/v2\/categories?post=32119"},{"taxonomy":"post_tag","embeddable":true,"href":"https:\/\/blogdorogeriogomes.com.br\/noticias\/wp-json\/wp\/v2\/tags?post=32119"}],"curies":[{"name":"wp","href":"https:\/\/api.w.org\/{rel}","templated":true}]}}