{"id":32122,"date":"2024-03-28T11:55:38","date_gmt":"2024-03-28T11:55:38","guid":{"rendered":"https:\/\/blogdorogeriogomes.com.br\/noticias\/?p=32122"},"modified":"2024-03-28T11:55:39","modified_gmt":"2024-03-28T11:55:39","slug":"secretarios-de-jose-sarto-devem-deixar-a-prefeitura-na-proxima-semana-para-disputar-eleicoes-municipais","status":"publish","type":"post","link":"https:\/\/blogdorogeriogomes.com.br\/noticias\/2024\/03\/secretarios-de-jose-sarto-devem-deixar-a-prefeitura-na-proxima-semana-para-disputar-eleicoes-municipais\/","title":{"rendered":"Secret\u00e1rios de Jos\u00e9 Sarto devem deixar a Prefeitura na pr\u00f3xima semana para disputar elei\u00e7\u00f5es municipais"},"content":{"rendered":"\n<p>O secretariado municipal do prefeito de Fortaleza, Jos\u00e9 Sarto (PDT), deve sofrer mudan\u00e7as na pr\u00f3xima semana com a sa\u00edda de mais de 10 secret\u00e1rios que v\u00e3o concorrer nas elei\u00e7\u00f5es municipais deste ano. A pr\u00f3xima semana \u00e9 o prazo final definido pelo Tribunal Superior Eleitoral (TSE) para quem ocupa cargo p\u00fablico poder se desincompatibilizar das fun\u00e7\u00f5es.<\/p>\n\n\n\n<p>Os nomes cotados para deixar os seus cargos s\u00e3o Elp\u00eddio Nogueira (Cultura), Ozires Pontes (Esporte e Lazer), Kamyla Castro (Regional 1), Rennys Frota (Regional 2), Pedro Fran\u00e7a (Regional 3), Nat\u00e1lia Rios (Regional 4), Marcel Colares (Regional 6), Benigno J\u00fanior (Regional 7), <br>F\u00e1bio R\u00fabens (Regional 8), \u00c9sio Feitosa (Regional 9), Eduardo Holanda (Seguran\u00e7a Cidad\u00e3) e Dalila Saldanha (Educa\u00e7\u00e3o).<\/p>\n\n\n\n<figure class=\"wp-block-image size-large\"><img loading=\"lazy\" decoding=\"async\" width=\"1024\" height=\"602\" src=\"https:\/\/blogdorogeriogomes.com.br\/noticias\/wp-content\/uploads\/2024\/03\/21-03-2024-SMS-DSC02653-1024x602.jpg\" alt=\"\" class=\"wp-image-32123\" srcset=\"https:\/\/blogdorogeriogomes.com.br\/noticias\/wp-content\/uploads\/2024\/03\/21-03-2024-SMS-DSC02653-1024x602.jpg 1024w, https:\/\/blogdorogeriogomes.com.br\/noticias\/wp-content\/uploads\/2024\/03\/21-03-2024-SMS-DSC02653-300x176.jpg 300w, https:\/\/blogdorogeriogomes.com.br\/noticias\/wp-content\/uploads\/2024\/03\/21-03-2024-SMS-DSC02653-768x451.jpg 768w, https:\/\/blogdorogeriogomes.com.br\/noticias\/wp-content\/uploads\/2024\/03\/21-03-2024-SMS-DSC02653-1536x902.jpg 1536w, https:\/\/blogdorogeriogomes.com.br\/noticias\/wp-content\/uploads\/2024\/03\/21-03-2024-SMS-DSC02653-800x470.jpg 800w, https:\/\/blogdorogeriogomes.com.br\/noticias\/wp-content\/uploads\/2024\/03\/21-03-2024-SMS-DSC02653.jpg 2048w\" sizes=\"auto, (max-width: 1024px) 100vw, 1024px\" \/><\/figure>\n","protected":false},"excerpt":{"rendered":"<p>O secretariado municipal do prefeito de Fortaleza, Jos\u00e9 Sarto (PDT), deve sofrer mudan\u00e7as na pr\u00f3xima semana com a sa\u00edda de mais de 10 secret\u00e1rios que v\u00e3o concorrer nas elei\u00e7\u00f5es municipais deste ano. A pr\u00f3xima semana \u00e9 o prazo final definido pelo Tribunal Superior Eleitoral (TSE) para quem ocupa cargo p\u00fablico poder se desincompatibilizar das fun\u00e7\u00f5es. Os nomes cotados para deixar os seus cargos s\u00e3o Elp\u00eddio Nogueira (Cultura), Ozires Pontes (Esporte e Lazer), Kamyla Castro (Regional 1), Rennys Frota (Regional&hellip;<\/p>\n","protected":false},"author":1,"featured_media":32123,"comment_status":"open","ping_status":"open","sticky":false,"template":"","format":"standard","meta":{"footnotes":""},"categories":[1],"tags":[],"class_list":["post-32122","post","type-post","status-publish","format-standard","has-post-thumbnail","hentry","category-noticias"],"_links":{"self":[{"href":"https:\/\/blogdorogeriogomes.com.br\/noticias\/wp-json\/wp\/v2\/posts\/32122","targetHints":{"allow":["GET"]}}],"collection":[{"href":"https:\/\/blogdorogeriogomes.com.br\/noticias\/wp-json\/wp\/v2\/posts"}],"about":[{"href":"https:\/\/blogdorogeriogomes.com.br\/noticias\/wp-json\/wp\/v2\/types\/post"}],"author":[{"embeddable":true,"href":"https:\/\/blogdorogeriogomes.com.br\/noticias\/wp-json\/wp\/v2\/users\/1"}],"replies":[{"embeddable":true,"href":"https:\/\/blogdorogeriogomes.com.br\/noticias\/wp-json\/wp\/v2\/comments?post=32122"}],"version-history":[{"count":1,"href":"https:\/\/blogdorogeriogomes.com.br\/noticias\/wp-json\/wp\/v2\/posts\/32122\/revisions"}],"predecessor-version":[{"id":32124,"href":"https:\/\/blogdorogeriogomes.com.br\/noticias\/wp-json\/wp\/v2\/posts\/32122\/revisions\/32124"}],"wp:featuredmedia":[{"embeddable":true,"href":"https:\/\/blogdorogeriogomes.com.br\/noticias\/wp-json\/wp\/v2\/media\/32123"}],"wp:attachment":[{"href":"https:\/\/blogdorogeriogomes.com.br\/noticias\/wp-json\/wp\/v2\/media?parent=32122"}],"wp:term":[{"taxonomy":"category","embeddable":true,"href":"https:\/\/blogdorogeriogomes.com.br\/noticias\/wp-json\/wp\/v2\/categories?post=32122"},{"taxonomy":"post_tag","embeddable":true,"href":"https:\/\/blogdorogeriogomes.com.br\/noticias\/wp-json\/wp\/v2\/tags?post=32122"}],"curies":[{"name":"wp","href":"https:\/\/api.w.org\/{rel}","templated":true}]}}