{"id":32130,"date":"2024-03-29T10:58:05","date_gmt":"2024-03-29T10:58:05","guid":{"rendered":"https:\/\/blogdorogeriogomes.com.br\/noticias\/?p=32130"},"modified":"2024-03-29T10:58:06","modified_gmt":"2024-03-29T10:58:06","slug":"pt-de-fortaleza-tem-sete-chapas-inscritas-para-definir-candidatura-ate-21-de-abril","status":"publish","type":"post","link":"https:\/\/blogdorogeriogomes.com.br\/noticias\/2024\/03\/pt-de-fortaleza-tem-sete-chapas-inscritas-para-definir-candidatura-ate-21-de-abril\/","title":{"rendered":"PT de Fortaleza tem sete chapas inscritas para definir candidatura at\u00e9 21 de abril"},"content":{"rendered":"\n<p>O PT encerrou na \u00faltima quarta-feira, dia 27 de mar\u00e7o, as inscri\u00e7\u00f5es das\u00a0chapas de delegados partid\u00e1rios\u00a0que escolher\u00e3o o nome que representar\u00e1 o partido na disputa pela Prefeitura de Fortaleza.\u00a0Sete\u00a0chapas foram inscritas e poder\u00e3o receber votos dos filiados no dia 7 de abril.\u00a0<\/p>\n\n\n\n<p>Est\u00e3o inscritas chapas de Evandro Leit\u00e3o, Luizianne Lins, Larissa Gaspar e Guilherme Sampaio. Arthur Bruno n\u00e3o inscreveu chapa e busca o consenso partid\u00e1rio na defini\u00e7\u00e3o do candidato. Os filiados votam nesses grupos no domingo 7 de abril. A propor\u00e7\u00e3o que cada chapa conseguir resultar\u00e1 na quantidade de delegados partid\u00e1rios que elas ter\u00e3o para votarem no dia 21 do mesmo m\u00eas, quando ocorre o Encontro Municipal.<\/p>\n\n\n\n<figure class=\"wp-block-image size-full\"><img loading=\"lazy\" decoding=\"async\" width=\"750\" height=\"500\" src=\"https:\/\/blogdorogeriogomes.com.br\/noticias\/wp-content\/uploads\/2024\/03\/1_pre_candidaturas_pt-25071259.jpg\" alt=\"\" class=\"wp-image-32131\" srcset=\"https:\/\/blogdorogeriogomes.com.br\/noticias\/wp-content\/uploads\/2024\/03\/1_pre_candidaturas_pt-25071259.jpg 750w, https:\/\/blogdorogeriogomes.com.br\/noticias\/wp-content\/uploads\/2024\/03\/1_pre_candidaturas_pt-25071259-300x200.jpg 300w\" sizes=\"auto, (max-width: 750px) 100vw, 750px\" \/><\/figure>\n","protected":false},"excerpt":{"rendered":"<p>O PT encerrou na \u00faltima quarta-feira, dia 27 de mar\u00e7o, as inscri\u00e7\u00f5es das\u00a0chapas de delegados partid\u00e1rios\u00a0que escolher\u00e3o o nome que representar\u00e1 o partido na disputa pela Prefeitura de Fortaleza.\u00a0Sete\u00a0chapas foram inscritas e poder\u00e3o receber votos dos filiados no dia 7 de abril.\u00a0 Est\u00e3o inscritas chapas de Evandro Leit\u00e3o, Luizianne Lins, Larissa Gaspar e Guilherme Sampaio. Arthur Bruno n\u00e3o inscreveu chapa e busca o consenso partid\u00e1rio na defini\u00e7\u00e3o do candidato. Os filiados votam nesses grupos no domingo 7 de abril.&hellip;<\/p>\n","protected":false},"author":1,"featured_media":32131,"comment_status":"open","ping_status":"open","sticky":false,"template":"","format":"standard","meta":{"footnotes":""},"categories":[1],"tags":[],"class_list":["post-32130","post","type-post","status-publish","format-standard","has-post-thumbnail","hentry","category-noticias"],"_links":{"self":[{"href":"https:\/\/blogdorogeriogomes.com.br\/noticias\/wp-json\/wp\/v2\/posts\/32130","targetHints":{"allow":["GET"]}}],"collection":[{"href":"https:\/\/blogdorogeriogomes.com.br\/noticias\/wp-json\/wp\/v2\/posts"}],"about":[{"href":"https:\/\/blogdorogeriogomes.com.br\/noticias\/wp-json\/wp\/v2\/types\/post"}],"author":[{"embeddable":true,"href":"https:\/\/blogdorogeriogomes.com.br\/noticias\/wp-json\/wp\/v2\/users\/1"}],"replies":[{"embeddable":true,"href":"https:\/\/blogdorogeriogomes.com.br\/noticias\/wp-json\/wp\/v2\/comments?post=32130"}],"version-history":[{"count":1,"href":"https:\/\/blogdorogeriogomes.com.br\/noticias\/wp-json\/wp\/v2\/posts\/32130\/revisions"}],"predecessor-version":[{"id":32132,"href":"https:\/\/blogdorogeriogomes.com.br\/noticias\/wp-json\/wp\/v2\/posts\/32130\/revisions\/32132"}],"wp:featuredmedia":[{"embeddable":true,"href":"https:\/\/blogdorogeriogomes.com.br\/noticias\/wp-json\/wp\/v2\/media\/32131"}],"wp:attachment":[{"href":"https:\/\/blogdorogeriogomes.com.br\/noticias\/wp-json\/wp\/v2\/media?parent=32130"}],"wp:term":[{"taxonomy":"category","embeddable":true,"href":"https:\/\/blogdorogeriogomes.com.br\/noticias\/wp-json\/wp\/v2\/categories?post=32130"},{"taxonomy":"post_tag","embeddable":true,"href":"https:\/\/blogdorogeriogomes.com.br\/noticias\/wp-json\/wp\/v2\/tags?post=32130"}],"curies":[{"name":"wp","href":"https:\/\/api.w.org\/{rel}","templated":true}]}}