{"id":32136,"date":"2024-03-29T11:18:47","date_gmt":"2024-03-29T11:18:47","guid":{"rendered":"https:\/\/blogdorogeriogomes.com.br\/noticias\/?p=32136"},"modified":"2024-03-29T11:18:47","modified_gmt":"2024-03-29T11:18:47","slug":"presidente-lula-e-esperado-em-iguatu-no-proximo-dia-5-de-abril-para-visitar-obras-da-ferrovia-transnordestina","status":"publish","type":"post","link":"https:\/\/blogdorogeriogomes.com.br\/noticias\/2024\/03\/presidente-lula-e-esperado-em-iguatu-no-proximo-dia-5-de-abril-para-visitar-obras-da-ferrovia-transnordestina\/","title":{"rendered":"Presidente Lula \u00e9 esperado em Iguatu no pr\u00f3ximo dia 5 de abril para visitar obras da Ferrovia Transnordestina"},"content":{"rendered":"\n<p>O presidente Lula (PT) \u00e9 esperado no munic\u00edpio de Iguatu, na Regi\u00e3o Centro-Sul, para uma visita \u00e0s obras da Ferrovia Transnordestina no Cear\u00e1. Tamb\u00e9m est\u00e1 prevista a assinatura da ordem de servi\u00e7o para as obras do Ramal do Salgado e outros an\u00fancios importantes na \u00e1rea de infraestrutura h\u00eddrica. <\/p>\n\n\n\n<p>O governador Elmano de Freitas (PT) e v\u00e1rias lideran\u00e7as pol\u00edticas v\u00e3o participar da solenidade. Esta ser\u00e1 a quarta passagem de Lula pelo Cear\u00e1 no atual mandato na Presid\u00eancia da Rep\u00fablica.<\/p>\n\n\n\n<p>O retorno de Lula ao Estado vai ocorrer seis dias antes de o ex-presidente Jair Bolsonaro (PL) que estar\u00e1 em Fortaleza para o lan\u00e7amento da pr\u00e9-candidatura do deputado federal\u00a0Andr\u00e9 Fernandes \u00e0 Prefeitura da Capital, evento marcado para 11 de abril no Gin\u00e1sio Paulo Sarasate.<\/p>\n\n\n\n<figure class=\"wp-block-image size-full\"><img loading=\"lazy\" decoding=\"async\" width=\"680\" height=\"451\" src=\"https:\/\/blogdorogeriogomes.com.br\/noticias\/wp-content\/uploads\/2024\/03\/images-44.jpeg\" alt=\"\" class=\"wp-image-32137\" srcset=\"https:\/\/blogdorogeriogomes.com.br\/noticias\/wp-content\/uploads\/2024\/03\/images-44.jpeg 680w, https:\/\/blogdorogeriogomes.com.br\/noticias\/wp-content\/uploads\/2024\/03\/images-44-300x199.jpeg 300w\" sizes=\"auto, (max-width: 680px) 100vw, 680px\" \/><\/figure>\n","protected":false},"excerpt":{"rendered":"<p>O presidente Lula (PT) \u00e9 esperado no munic\u00edpio de Iguatu, na Regi\u00e3o Centro-Sul, para uma visita \u00e0s obras da Ferrovia Transnordestina no Cear\u00e1. Tamb\u00e9m est\u00e1 prevista a assinatura da ordem de servi\u00e7o para as obras do Ramal do Salgado e outros an\u00fancios importantes na \u00e1rea de infraestrutura h\u00eddrica. O governador Elmano de Freitas (PT) e v\u00e1rias lideran\u00e7as pol\u00edticas v\u00e3o participar da solenidade. Esta ser\u00e1 a quarta passagem de Lula pelo Cear\u00e1 no atual mandato na Presid\u00eancia da Rep\u00fablica. O&hellip;<\/p>\n","protected":false},"author":1,"featured_media":32137,"comment_status":"open","ping_status":"open","sticky":false,"template":"","format":"standard","meta":{"footnotes":""},"categories":[1],"tags":[],"class_list":["post-32136","post","type-post","status-publish","format-standard","has-post-thumbnail","hentry","category-noticias"],"_links":{"self":[{"href":"https:\/\/blogdorogeriogomes.com.br\/noticias\/wp-json\/wp\/v2\/posts\/32136","targetHints":{"allow":["GET"]}}],"collection":[{"href":"https:\/\/blogdorogeriogomes.com.br\/noticias\/wp-json\/wp\/v2\/posts"}],"about":[{"href":"https:\/\/blogdorogeriogomes.com.br\/noticias\/wp-json\/wp\/v2\/types\/post"}],"author":[{"embeddable":true,"href":"https:\/\/blogdorogeriogomes.com.br\/noticias\/wp-json\/wp\/v2\/users\/1"}],"replies":[{"embeddable":true,"href":"https:\/\/blogdorogeriogomes.com.br\/noticias\/wp-json\/wp\/v2\/comments?post=32136"}],"version-history":[{"count":1,"href":"https:\/\/blogdorogeriogomes.com.br\/noticias\/wp-json\/wp\/v2\/posts\/32136\/revisions"}],"predecessor-version":[{"id":32138,"href":"https:\/\/blogdorogeriogomes.com.br\/noticias\/wp-json\/wp\/v2\/posts\/32136\/revisions\/32138"}],"wp:featuredmedia":[{"embeddable":true,"href":"https:\/\/blogdorogeriogomes.com.br\/noticias\/wp-json\/wp\/v2\/media\/32137"}],"wp:attachment":[{"href":"https:\/\/blogdorogeriogomes.com.br\/noticias\/wp-json\/wp\/v2\/media?parent=32136"}],"wp:term":[{"taxonomy":"category","embeddable":true,"href":"https:\/\/blogdorogeriogomes.com.br\/noticias\/wp-json\/wp\/v2\/categories?post=32136"},{"taxonomy":"post_tag","embeddable":true,"href":"https:\/\/blogdorogeriogomes.com.br\/noticias\/wp-json\/wp\/v2\/tags?post=32136"}],"curies":[{"name":"wp","href":"https:\/\/api.w.org\/{rel}","templated":true}]}}