{"id":32140,"date":"2024-03-30T10:42:23","date_gmt":"2024-03-30T10:42:23","guid":{"rendered":"https:\/\/blogdorogeriogomes.com.br\/noticias\/?p=32140"},"modified":"2024-03-30T10:42:23","modified_gmt":"2024-03-30T10:42:23","slug":"fim-de-semana-comeca-com-chuvas-intensas-em-todas-as-regioes-do-ceara","status":"publish","type":"post","link":"https:\/\/blogdorogeriogomes.com.br\/noticias\/2024\/03\/fim-de-semana-comeca-com-chuvas-intensas-em-todas-as-regioes-do-ceara\/","title":{"rendered":"Fim de semana come\u00e7a com chuvas intensas em todas as regi\u00f5es do Cear\u00e1"},"content":{"rendered":"\n<p>O feriado da Semana Santa tem sido de chuvas intensas em todas as regi\u00f5es do Cear\u00e1. At\u00e9 este s\u00e1bado, dia 30 de mar\u00e7o, o Instituto Nacional de Meteorologia (Inmet) emitiu um alerta que indica possibilidade de chuvas entre 20 e 50 mil\u00edmetros ao dia, e ventos fortes entre 40 e 60 km\/h.\u00a0<\/p>\n\n\n\n<p>A previs\u00e3o mostra que at\u00e9 este domingo, dia 31, todas as macrorregi\u00f5es cearenses devem ter chuvas, com os maiores acumulados devendo acontecer no Cariri, no sul do Sert\u00e3o Central e Inhamuns e no alto Jaguaribe.<\/p>\n\n\n\n<figure class=\"wp-block-image size-full\"><img loading=\"lazy\" decoding=\"async\" width=\"640\" height=\"480\" src=\"https:\/\/blogdorogeriogomes.com.br\/noticias\/wp-content\/uploads\/2024\/03\/images-45.jpeg\" alt=\"\" class=\"wp-image-32141\" srcset=\"https:\/\/blogdorogeriogomes.com.br\/noticias\/wp-content\/uploads\/2024\/03\/images-45.jpeg 640w, https:\/\/blogdorogeriogomes.com.br\/noticias\/wp-content\/uploads\/2024\/03\/images-45-300x225.jpeg 300w, https:\/\/blogdorogeriogomes.com.br\/noticias\/wp-content\/uploads\/2024\/03\/images-45-400x300.jpeg 400w\" sizes=\"auto, (max-width: 640px) 100vw, 640px\" \/><\/figure>\n","protected":false},"excerpt":{"rendered":"<p>O feriado da Semana Santa tem sido de chuvas intensas em todas as regi\u00f5es do Cear\u00e1. At\u00e9 este s\u00e1bado, dia 30 de mar\u00e7o, o Instituto Nacional de Meteorologia (Inmet) emitiu um alerta que indica possibilidade de chuvas entre 20 e 50 mil\u00edmetros ao dia, e ventos fortes entre 40 e 60 km\/h.\u00a0 A previs\u00e3o mostra que at\u00e9 este domingo, dia 31, todas as macrorregi\u00f5es cearenses devem ter chuvas, com os maiores acumulados devendo acontecer no Cariri, no sul do&hellip;<\/p>\n","protected":false},"author":1,"featured_media":32142,"comment_status":"open","ping_status":"open","sticky":false,"template":"","format":"standard","meta":{"footnotes":""},"categories":[1],"tags":[],"class_list":["post-32140","post","type-post","status-publish","format-standard","has-post-thumbnail","hentry","category-noticias"],"_links":{"self":[{"href":"https:\/\/blogdorogeriogomes.com.br\/noticias\/wp-json\/wp\/v2\/posts\/32140","targetHints":{"allow":["GET"]}}],"collection":[{"href":"https:\/\/blogdorogeriogomes.com.br\/noticias\/wp-json\/wp\/v2\/posts"}],"about":[{"href":"https:\/\/blogdorogeriogomes.com.br\/noticias\/wp-json\/wp\/v2\/types\/post"}],"author":[{"embeddable":true,"href":"https:\/\/blogdorogeriogomes.com.br\/noticias\/wp-json\/wp\/v2\/users\/1"}],"replies":[{"embeddable":true,"href":"https:\/\/blogdorogeriogomes.com.br\/noticias\/wp-json\/wp\/v2\/comments?post=32140"}],"version-history":[{"count":1,"href":"https:\/\/blogdorogeriogomes.com.br\/noticias\/wp-json\/wp\/v2\/posts\/32140\/revisions"}],"predecessor-version":[{"id":32143,"href":"https:\/\/blogdorogeriogomes.com.br\/noticias\/wp-json\/wp\/v2\/posts\/32140\/revisions\/32143"}],"wp:featuredmedia":[{"embeddable":true,"href":"https:\/\/blogdorogeriogomes.com.br\/noticias\/wp-json\/wp\/v2\/media\/32142"}],"wp:attachment":[{"href":"https:\/\/blogdorogeriogomes.com.br\/noticias\/wp-json\/wp\/v2\/media?parent=32140"}],"wp:term":[{"taxonomy":"category","embeddable":true,"href":"https:\/\/blogdorogeriogomes.com.br\/noticias\/wp-json\/wp\/v2\/categories?post=32140"},{"taxonomy":"post_tag","embeddable":true,"href":"https:\/\/blogdorogeriogomes.com.br\/noticias\/wp-json\/wp\/v2\/tags?post=32140"}],"curies":[{"name":"wp","href":"https:\/\/api.w.org\/{rel}","templated":true}]}}