{"id":32144,"date":"2024-03-30T10:54:06","date_gmt":"2024-03-30T10:54:06","guid":{"rendered":"https:\/\/blogdorogeriogomes.com.br\/noticias\/?p=32144"},"modified":"2024-03-30T10:54:07","modified_gmt":"2024-03-30T10:54:07","slug":"alexandre-de-moraes-nega-devolucao-de-passaporte-a-jair-bolsonaro-que-desejava-viajar-para-israel","status":"publish","type":"post","link":"https:\/\/blogdorogeriogomes.com.br\/noticias\/2024\/03\/alexandre-de-moraes-nega-devolucao-de-passaporte-a-jair-bolsonaro-que-desejava-viajar-para-israel\/","title":{"rendered":"Alexandre de Moraes nega devolu\u00e7\u00e3o de passaporte a Jair Bolsonaro que desejava viajar para Israel"},"content":{"rendered":"\n<p>O ministro Alexandre de Moraes, do Supremo Tribunal Federal (STF), negou a devolu\u00e7\u00e3o do passaporte do ex-presidente Jair Bolsonaro (PL), que havia sido apreendido em fevereiro durante opera\u00e7\u00e3o da Pol\u00edcia Federal.<\/p>\n\n\n\n<p>A decis\u00e3o de Moraes segue entendimento da Procuradoria-Geral da Rep\u00fablica (PGR), que avaliou que uma eventual viagem do ex-presidente ao exterior representaria um &#8220;perigo para o desenvolvimento das investiga\u00e7\u00f5es criminais&#8221;.<\/p>\n\n\n\n<p>Os advogados do ex-presidente tentavam reaver o documento para que Bolsonaro viajasse a Israel, entre os dias 12 e 18 de maio. Jair Bolsonaro recebeu, recentemente, um convite do primeiro-ministro de Israel, Benjamin Netanyahu, para visitar o pa\u00eds.<\/p>\n\n\n\n<figure class=\"wp-block-image size-full\"><img loading=\"lazy\" decoding=\"async\" width=\"625\" height=\"490\" src=\"https:\/\/blogdorogeriogomes.com.br\/noticias\/wp-content\/uploads\/2024\/03\/images-46.jpeg\" alt=\"\" class=\"wp-image-32145\" srcset=\"https:\/\/blogdorogeriogomes.com.br\/noticias\/wp-content\/uploads\/2024\/03\/images-46.jpeg 625w, https:\/\/blogdorogeriogomes.com.br\/noticias\/wp-content\/uploads\/2024\/03\/images-46-300x235.jpeg 300w\" sizes=\"auto, (max-width: 625px) 100vw, 625px\" \/><\/figure>\n","protected":false},"excerpt":{"rendered":"<p>O ministro Alexandre de Moraes, do Supremo Tribunal Federal (STF), negou a devolu\u00e7\u00e3o do passaporte do ex-presidente Jair Bolsonaro (PL), que havia sido apreendido em fevereiro durante opera\u00e7\u00e3o da Pol\u00edcia Federal. A decis\u00e3o de Moraes segue entendimento da Procuradoria-Geral da Rep\u00fablica (PGR), que avaliou que uma eventual viagem do ex-presidente ao exterior representaria um &#8220;perigo para o desenvolvimento das investiga\u00e7\u00f5es criminais&#8221;. Os advogados do ex-presidente tentavam reaver o documento para que Bolsonaro viajasse a Israel, entre os dias 12&hellip;<\/p>\n","protected":false},"author":1,"featured_media":32145,"comment_status":"open","ping_status":"open","sticky":false,"template":"","format":"standard","meta":{"footnotes":""},"categories":[1],"tags":[],"class_list":["post-32144","post","type-post","status-publish","format-standard","has-post-thumbnail","hentry","category-noticias"],"_links":{"self":[{"href":"https:\/\/blogdorogeriogomes.com.br\/noticias\/wp-json\/wp\/v2\/posts\/32144","targetHints":{"allow":["GET"]}}],"collection":[{"href":"https:\/\/blogdorogeriogomes.com.br\/noticias\/wp-json\/wp\/v2\/posts"}],"about":[{"href":"https:\/\/blogdorogeriogomes.com.br\/noticias\/wp-json\/wp\/v2\/types\/post"}],"author":[{"embeddable":true,"href":"https:\/\/blogdorogeriogomes.com.br\/noticias\/wp-json\/wp\/v2\/users\/1"}],"replies":[{"embeddable":true,"href":"https:\/\/blogdorogeriogomes.com.br\/noticias\/wp-json\/wp\/v2\/comments?post=32144"}],"version-history":[{"count":1,"href":"https:\/\/blogdorogeriogomes.com.br\/noticias\/wp-json\/wp\/v2\/posts\/32144\/revisions"}],"predecessor-version":[{"id":32146,"href":"https:\/\/blogdorogeriogomes.com.br\/noticias\/wp-json\/wp\/v2\/posts\/32144\/revisions\/32146"}],"wp:featuredmedia":[{"embeddable":true,"href":"https:\/\/blogdorogeriogomes.com.br\/noticias\/wp-json\/wp\/v2\/media\/32145"}],"wp:attachment":[{"href":"https:\/\/blogdorogeriogomes.com.br\/noticias\/wp-json\/wp\/v2\/media?parent=32144"}],"wp:term":[{"taxonomy":"category","embeddable":true,"href":"https:\/\/blogdorogeriogomes.com.br\/noticias\/wp-json\/wp\/v2\/categories?post=32144"},{"taxonomy":"post_tag","embeddable":true,"href":"https:\/\/blogdorogeriogomes.com.br\/noticias\/wp-json\/wp\/v2\/tags?post=32144"}],"curies":[{"name":"wp","href":"https:\/\/api.w.org\/{rel}","templated":true}]}}