{"id":32147,"date":"2024-03-30T11:03:44","date_gmt":"2024-03-30T11:03:44","guid":{"rendered":"https:\/\/blogdorogeriogomes.com.br\/noticias\/?p=32147"},"modified":"2024-03-30T11:03:45","modified_gmt":"2024-03-30T11:03:45","slug":"apos-criticas-de-lula-as-eleicoes-embaixador-da-venezuela-diz-que-vai-ao-planalto-dar-explicacoes-sobre-processo-eleitoral","status":"publish","type":"post","link":"https:\/\/blogdorogeriogomes.com.br\/noticias\/2024\/03\/apos-criticas-de-lula-as-eleicoes-embaixador-da-venezuela-diz-que-vai-ao-planalto-dar-explicacoes-sobre-processo-eleitoral\/","title":{"rendered":"Ap\u00f3s cr\u00edticas de Lula \u00e0s elei\u00e7\u00f5es, embaixador da Venezuela diz que vai ao Planalto dar explica\u00e7\u00f5es sobre processo eleitoral"},"content":{"rendered":"\n<p>Ap\u00f3s o Minist\u00e9rio das Rela\u00e7\u00f5es Exteriores do Brasil emitir nota na qual dizia\u00a0acompanhar &#8220;com expectativa e preocupa\u00e7\u00e3o&#8221; o processo eleitoral na Venezuela\u00a0e o pr\u00f3prio presidente\u00a0Lula (PT) fazer cr\u00edticas ao pleito no pa\u00eds vizinho,\u00a0o embaixador da Venezuela no Brasil, Manuel Vadell, vai procurar o Pal\u00e1cio do Planalto para &#8220;explicar a situa\u00e7\u00e3o no pa\u00eds&#8221; e &#8220;refor\u00e7ar as rela\u00e7\u00f5es bilaterais&#8221;. Com o posicionamento brasileiro, a Nicol\u00e1s Maduro pode ficar isolado politicamente no cen\u00e1rio internacional da Am\u00e9rica do Sul.<\/p>\n\n\n\n<p>A Venezuela promove elei\u00e7\u00f5es no dia 28 de julho sob desconfian\u00e7a da comunidade internacional de que o regime de Nicol\u00e1s Maduro n\u00e3o assegure vota\u00e7\u00f5es livres e democr\u00e1ticas.<br>Maduro concorre ao terceiro mandato consecutivo. A coaliz\u00e3o Plataforma Unit\u00e1ria Democr\u00e1tica, que re\u00fane dez partidos de oposi\u00e7\u00e3o, disse que n\u00e3o conseguiu registrar a candidatura de Corina Y\u00f3ris.<\/p>\n\n\n\n<figure class=\"wp-block-image size-full\"><img loading=\"lazy\" decoding=\"async\" width=\"716\" height=\"428\" src=\"https:\/\/blogdorogeriogomes.com.br\/noticias\/wp-content\/uploads\/2024\/03\/images-47.jpeg\" alt=\"\" class=\"wp-image-32148\" srcset=\"https:\/\/blogdorogeriogomes.com.br\/noticias\/wp-content\/uploads\/2024\/03\/images-47.jpeg 716w, https:\/\/blogdorogeriogomes.com.br\/noticias\/wp-content\/uploads\/2024\/03\/images-47-300x179.jpeg 300w\" sizes=\"auto, (max-width: 716px) 100vw, 716px\" \/><\/figure>\n","protected":false},"excerpt":{"rendered":"<p>Ap\u00f3s o Minist\u00e9rio das Rela\u00e7\u00f5es Exteriores do Brasil emitir nota na qual dizia\u00a0acompanhar &#8220;com expectativa e preocupa\u00e7\u00e3o&#8221; o processo eleitoral na Venezuela\u00a0e o pr\u00f3prio presidente\u00a0Lula (PT) fazer cr\u00edticas ao pleito no pa\u00eds vizinho,\u00a0o embaixador da Venezuela no Brasil, Manuel Vadell, vai procurar o Pal\u00e1cio do Planalto para &#8220;explicar a situa\u00e7\u00e3o no pa\u00eds&#8221; e &#8220;refor\u00e7ar as rela\u00e7\u00f5es bilaterais&#8221;. Com o posicionamento brasileiro, a Nicol\u00e1s Maduro pode ficar isolado politicamente no cen\u00e1rio internacional da Am\u00e9rica do Sul. A Venezuela promove elei\u00e7\u00f5es&hellip;<\/p>\n","protected":false},"author":1,"featured_media":32148,"comment_status":"open","ping_status":"open","sticky":false,"template":"","format":"standard","meta":{"footnotes":""},"categories":[1],"tags":[],"class_list":["post-32147","post","type-post","status-publish","format-standard","has-post-thumbnail","hentry","category-noticias"],"_links":{"self":[{"href":"https:\/\/blogdorogeriogomes.com.br\/noticias\/wp-json\/wp\/v2\/posts\/32147","targetHints":{"allow":["GET"]}}],"collection":[{"href":"https:\/\/blogdorogeriogomes.com.br\/noticias\/wp-json\/wp\/v2\/posts"}],"about":[{"href":"https:\/\/blogdorogeriogomes.com.br\/noticias\/wp-json\/wp\/v2\/types\/post"}],"author":[{"embeddable":true,"href":"https:\/\/blogdorogeriogomes.com.br\/noticias\/wp-json\/wp\/v2\/users\/1"}],"replies":[{"embeddable":true,"href":"https:\/\/blogdorogeriogomes.com.br\/noticias\/wp-json\/wp\/v2\/comments?post=32147"}],"version-history":[{"count":1,"href":"https:\/\/blogdorogeriogomes.com.br\/noticias\/wp-json\/wp\/v2\/posts\/32147\/revisions"}],"predecessor-version":[{"id":32149,"href":"https:\/\/blogdorogeriogomes.com.br\/noticias\/wp-json\/wp\/v2\/posts\/32147\/revisions\/32149"}],"wp:featuredmedia":[{"embeddable":true,"href":"https:\/\/blogdorogeriogomes.com.br\/noticias\/wp-json\/wp\/v2\/media\/32148"}],"wp:attachment":[{"href":"https:\/\/blogdorogeriogomes.com.br\/noticias\/wp-json\/wp\/v2\/media?parent=32147"}],"wp:term":[{"taxonomy":"category","embeddable":true,"href":"https:\/\/blogdorogeriogomes.com.br\/noticias\/wp-json\/wp\/v2\/categories?post=32147"},{"taxonomy":"post_tag","embeddable":true,"href":"https:\/\/blogdorogeriogomes.com.br\/noticias\/wp-json\/wp\/v2\/tags?post=32147"}],"curies":[{"name":"wp","href":"https:\/\/api.w.org\/{rel}","templated":true}]}}