{"id":32150,"date":"2024-04-01T11:00:12","date_gmt":"2024-04-01T11:00:12","guid":{"rendered":"https:\/\/blogdorogeriogomes.com.br\/noticias\/?p=32150"},"modified":"2024-04-01T11:00:12","modified_gmt":"2024-04-01T11:00:12","slug":"julgamento-que-pode-levar-a-cassacao-de-sergio-moro-comeca-nesta-segunda-feira","status":"publish","type":"post","link":"https:\/\/blogdorogeriogomes.com.br\/noticias\/2024\/04\/julgamento-que-pode-levar-a-cassacao-de-sergio-moro-comeca-nesta-segunda-feira\/","title":{"rendered":"Julgamento que pode levar \u00e0 cassa\u00e7\u00e3o de Sergio Moro come\u00e7a nesta segunda-feira"},"content":{"rendered":"\n<p>As duas A\u00e7\u00f5es de Investiga\u00e7\u00e3o Judicial Eleitoral (que pedem a cassa\u00e7\u00e3o do mandato do senador Sergio Moro (Uni\u00e3o Brasil-PR) come\u00e7ar\u00e3o a ser julgadas nesta segunda-feira, dia 1\u00ba de abril, no Tribunal Regional Eleitoral (TRE-PR), em Curitiba, presencialmente.<\/p>\n\n\n\n<p>Al\u00e9m desta segunda, o TRE tamb\u00e9m reservou a quarta-feira, dia 3, e o dia 8 de abril para o julgamento dos processos. A data exata da conclus\u00e3o vai depender da velocidade dos votos da corte, ou seja, o julgamento tanto pode durar os tr\u00eas dias, como pode terminar antes.<br>Moro, que entrou na pol\u00edtica ap\u00f3s ganhar proje\u00e7\u00e3o nacional sendo o juiz respons\u00e1vel pelos processos da Lava Jato, responde por abuso de poder econ\u00f4mico na pr\u00e9-campanha eleitoral de 2022. Ele foi eleito com 1,9 milh\u00e3o de votos.<\/p>\n\n\n\n<p>O relator Luciano Falavinha, encarregado do caso que poder\u00e1 levar \u00e0 cassa\u00e7\u00e3o do mandato do senador Sergio Moro, deve apresentar um voto volumoso de aproximadamente 200 p\u00e1ginas, conforme indicaram fontes pr\u00f3ximas ao Tribunal Regional Eleitoral (TRE) do Paran\u00e1. Embora Falavinha n\u00e3o tenha revelado oficialmente seu posicionamento aos outros seis desembargadores participantes, h\u00e1 uma tend\u00eancia clara de que sua decis\u00e3o ser\u00e1 pela cassa\u00e7\u00e3o de Moro.<\/p>\n\n\n\n<figure class=\"wp-block-image size-full\"><img loading=\"lazy\" decoding=\"async\" width=\"1000\" height=\"631\" src=\"https:\/\/blogdorogeriogomes.com.br\/noticias\/wp-content\/uploads\/2024\/04\/captura-de-tela-2023-12-07-130850.jpeg\" alt=\"\" class=\"wp-image-32151\" srcset=\"https:\/\/blogdorogeriogomes.com.br\/noticias\/wp-content\/uploads\/2024\/04\/captura-de-tela-2023-12-07-130850.jpeg 1000w, https:\/\/blogdorogeriogomes.com.br\/noticias\/wp-content\/uploads\/2024\/04\/captura-de-tela-2023-12-07-130850-300x189.jpeg 300w, https:\/\/blogdorogeriogomes.com.br\/noticias\/wp-content\/uploads\/2024\/04\/captura-de-tela-2023-12-07-130850-768x485.jpeg 768w, https:\/\/blogdorogeriogomes.com.br\/noticias\/wp-content\/uploads\/2024\/04\/captura-de-tela-2023-12-07-130850-800x505.jpeg 800w, https:\/\/blogdorogeriogomes.com.br\/noticias\/wp-content\/uploads\/2024\/04\/captura-de-tela-2023-12-07-130850-320x202.jpeg 320w, https:\/\/blogdorogeriogomes.com.br\/noticias\/wp-content\/uploads\/2024\/04\/captura-de-tela-2023-12-07-130850-700x441.jpeg 700w\" sizes=\"auto, (max-width: 1000px) 100vw, 1000px\" \/><\/figure>\n","protected":false},"excerpt":{"rendered":"<p>As duas A\u00e7\u00f5es de Investiga\u00e7\u00e3o Judicial Eleitoral (que pedem a cassa\u00e7\u00e3o do mandato do senador Sergio Moro (Uni\u00e3o Brasil-PR) come\u00e7ar\u00e3o a ser julgadas nesta segunda-feira, dia 1\u00ba de abril, no Tribunal Regional Eleitoral (TRE-PR), em Curitiba, presencialmente. Al\u00e9m desta segunda, o TRE tamb\u00e9m reservou a quarta-feira, dia 3, e o dia 8 de abril para o julgamento dos processos. A data exata da conclus\u00e3o vai depender da velocidade dos votos da corte, ou seja, o julgamento tanto pode durar&hellip;<\/p>\n","protected":false},"author":1,"featured_media":32151,"comment_status":"open","ping_status":"open","sticky":false,"template":"","format":"standard","meta":{"footnotes":""},"categories":[1],"tags":[],"class_list":["post-32150","post","type-post","status-publish","format-standard","has-post-thumbnail","hentry","category-noticias"],"_links":{"self":[{"href":"https:\/\/blogdorogeriogomes.com.br\/noticias\/wp-json\/wp\/v2\/posts\/32150","targetHints":{"allow":["GET"]}}],"collection":[{"href":"https:\/\/blogdorogeriogomes.com.br\/noticias\/wp-json\/wp\/v2\/posts"}],"about":[{"href":"https:\/\/blogdorogeriogomes.com.br\/noticias\/wp-json\/wp\/v2\/types\/post"}],"author":[{"embeddable":true,"href":"https:\/\/blogdorogeriogomes.com.br\/noticias\/wp-json\/wp\/v2\/users\/1"}],"replies":[{"embeddable":true,"href":"https:\/\/blogdorogeriogomes.com.br\/noticias\/wp-json\/wp\/v2\/comments?post=32150"}],"version-history":[{"count":1,"href":"https:\/\/blogdorogeriogomes.com.br\/noticias\/wp-json\/wp\/v2\/posts\/32150\/revisions"}],"predecessor-version":[{"id":32152,"href":"https:\/\/blogdorogeriogomes.com.br\/noticias\/wp-json\/wp\/v2\/posts\/32150\/revisions\/32152"}],"wp:featuredmedia":[{"embeddable":true,"href":"https:\/\/blogdorogeriogomes.com.br\/noticias\/wp-json\/wp\/v2\/media\/32151"}],"wp:attachment":[{"href":"https:\/\/blogdorogeriogomes.com.br\/noticias\/wp-json\/wp\/v2\/media?parent=32150"}],"wp:term":[{"taxonomy":"category","embeddable":true,"href":"https:\/\/blogdorogeriogomes.com.br\/noticias\/wp-json\/wp\/v2\/categories?post=32150"},{"taxonomy":"post_tag","embeddable":true,"href":"https:\/\/blogdorogeriogomes.com.br\/noticias\/wp-json\/wp\/v2\/tags?post=32150"}],"curies":[{"name":"wp","href":"https:\/\/api.w.org\/{rel}","templated":true}]}}