{"id":32153,"date":"2024-04-01T11:12:41","date_gmt":"2024-04-01T11:12:41","guid":{"rendered":"https:\/\/blogdorogeriogomes.com.br\/noticias\/?p=32153"},"modified":"2024-04-01T11:12:41","modified_gmt":"2024-04-01T11:12:41","slug":"janaina-farias-assume-no-senado-e-augusta-brito-vai-ficar-na-secretaria-de-articulacao-politica-do-governo-elmano","status":"publish","type":"post","link":"https:\/\/blogdorogeriogomes.com.br\/noticias\/2024\/04\/janaina-farias-assume-no-senado-e-augusta-brito-vai-ficar-na-secretaria-de-articulacao-politica-do-governo-elmano\/","title":{"rendered":"Jana\u00edna Farias assume no Senado e Augusta Brito vai ficar na Secretaria de Articula\u00e7\u00e3o Pol\u00edtica do Governo Elmano"},"content":{"rendered":"\n<p>A suplente\u00a0Jana\u00edna Farias (PT) vai assumir o mandato de senadora da Republica pelo Cear\u00e1 a partir deste m\u00eas de abril no lugar da senadora Augusta Brito (PT). A expectativa \u00e9 que ela fique no cargo por 120 dias. Jana\u00edna \u00e9 pr\u00e9-candidata \u00e0 prefeitura de Crate\u00fas e deve dedicar as pr\u00f3ximas a\u00e7\u00f5es ao munic\u00edpio.\u00a0<\/p>\n\n\n\n<p>Jana\u00edna \u00e9 uma das pessoas de confian\u00e7a do ministro Camilo Santana. Ocupou o cargo de secret\u00e1ria especial durante toda a gest\u00e3o do petista no Pal\u00e1cio da Aboli\u00e7\u00e3o &#8211; de 2015 a abril de 2022 e hoje atua como Secret\u00e1ria Nacional de Gest\u00e3o, Inova\u00e7\u00e3o e Avalia\u00e7\u00e3o do MEC.\u00a0<\/p>\n\n\n\n<p>Augusta Brito, primeira suplente, assumiu o posto no Senado assim que Camilo Santana tomou posse no Minist\u00e9rio da Educa\u00e7\u00e3o, tendo sido deputada estadual antes de iniciar a atua\u00e7\u00e3o em Bras\u00edlia.\u00a0<\/p>\n\n\n\n<p>Convidada pelo governador Elmano de Freitas, Augusta Brito vai assumir a Secretaria de Articula\u00e7\u00e3o Pol\u00edtica do Cear\u00e1 nas pr\u00f3ximas semanas. Ela vai substituir o atual titular da pasta, Waldemir Catanho, que \u00e9 pr\u00e9-candidato \u00e0 Prefeitura de Caucaia nas elei\u00e7\u00f5es municipais deste ano.\u00a0<\/p>\n\n\n\n<figure class=\"wp-block-image size-full\"><img loading=\"lazy\" decoding=\"async\" width=\"724\" height=\"423\" src=\"https:\/\/blogdorogeriogomes.com.br\/noticias\/wp-content\/uploads\/2024\/04\/images-48.jpeg\" alt=\"\" class=\"wp-image-32154\" srcset=\"https:\/\/blogdorogeriogomes.com.br\/noticias\/wp-content\/uploads\/2024\/04\/images-48.jpeg 724w, https:\/\/blogdorogeriogomes.com.br\/noticias\/wp-content\/uploads\/2024\/04\/images-48-300x175.jpeg 300w\" sizes=\"auto, (max-width: 724px) 100vw, 724px\" \/><\/figure>\n","protected":false},"excerpt":{"rendered":"<p>A suplente\u00a0Jana\u00edna Farias (PT) vai assumir o mandato de senadora da Republica pelo Cear\u00e1 a partir deste m\u00eas de abril no lugar da senadora Augusta Brito (PT). A expectativa \u00e9 que ela fique no cargo por 120 dias. Jana\u00edna \u00e9 pr\u00e9-candidata \u00e0 prefeitura de Crate\u00fas e deve dedicar as pr\u00f3ximas a\u00e7\u00f5es ao munic\u00edpio.\u00a0 Jana\u00edna \u00e9 uma das pessoas de confian\u00e7a do ministro Camilo Santana. Ocupou o cargo de secret\u00e1ria especial durante toda a gest\u00e3o do petista no Pal\u00e1cio da&hellip;<\/p>\n","protected":false},"author":1,"featured_media":32154,"comment_status":"open","ping_status":"open","sticky":false,"template":"","format":"standard","meta":{"footnotes":""},"categories":[1],"tags":[],"class_list":["post-32153","post","type-post","status-publish","format-standard","has-post-thumbnail","hentry","category-noticias"],"_links":{"self":[{"href":"https:\/\/blogdorogeriogomes.com.br\/noticias\/wp-json\/wp\/v2\/posts\/32153","targetHints":{"allow":["GET"]}}],"collection":[{"href":"https:\/\/blogdorogeriogomes.com.br\/noticias\/wp-json\/wp\/v2\/posts"}],"about":[{"href":"https:\/\/blogdorogeriogomes.com.br\/noticias\/wp-json\/wp\/v2\/types\/post"}],"author":[{"embeddable":true,"href":"https:\/\/blogdorogeriogomes.com.br\/noticias\/wp-json\/wp\/v2\/users\/1"}],"replies":[{"embeddable":true,"href":"https:\/\/blogdorogeriogomes.com.br\/noticias\/wp-json\/wp\/v2\/comments?post=32153"}],"version-history":[{"count":1,"href":"https:\/\/blogdorogeriogomes.com.br\/noticias\/wp-json\/wp\/v2\/posts\/32153\/revisions"}],"predecessor-version":[{"id":32155,"href":"https:\/\/blogdorogeriogomes.com.br\/noticias\/wp-json\/wp\/v2\/posts\/32153\/revisions\/32155"}],"wp:featuredmedia":[{"embeddable":true,"href":"https:\/\/blogdorogeriogomes.com.br\/noticias\/wp-json\/wp\/v2\/media\/32154"}],"wp:attachment":[{"href":"https:\/\/blogdorogeriogomes.com.br\/noticias\/wp-json\/wp\/v2\/media?parent=32153"}],"wp:term":[{"taxonomy":"category","embeddable":true,"href":"https:\/\/blogdorogeriogomes.com.br\/noticias\/wp-json\/wp\/v2\/categories?post=32153"},{"taxonomy":"post_tag","embeddable":true,"href":"https:\/\/blogdorogeriogomes.com.br\/noticias\/wp-json\/wp\/v2\/tags?post=32153"}],"curies":[{"name":"wp","href":"https:\/\/api.w.org\/{rel}","templated":true}]}}