{"id":32156,"date":"2024-04-01T11:21:09","date_gmt":"2024-04-01T11:21:09","guid":{"rendered":"https:\/\/blogdorogeriogomes.com.br\/noticias\/?p=32156"},"modified":"2024-04-01T11:21:10","modified_gmt":"2024-04-01T11:21:10","slug":"remedios-ficam-45-mais-caros-nas-farmacias-a-partir-desta-segunda-feira","status":"publish","type":"post","link":"https:\/\/blogdorogeriogomes.com.br\/noticias\/2024\/04\/remedios-ficam-45-mais-caros-nas-farmacias-a-partir-desta-segunda-feira\/","title":{"rendered":"Rem\u00e9dios ficam 4,5% mais caros nas farm\u00e1cias a partir desta segunda-feira"},"content":{"rendered":"\n<p>Os rem\u00e9dios nas farm\u00e1cias ficam mais caros, a partir desta segunda-feira, dia 1\u00ba de abril. Entra em vigor o novo teto de reajuste dos medicamentos, que neste ano ficou em 4,5%. O percentual, o menor desde 2020, foi definido pela C\u00e2mara de Regula\u00e7\u00e3o do Mercado de Medicamentos e publicado no Di\u00e1rio Oficial da Uni\u00e3o (DOU) da \u00faltima quinta-feira, dia 28 de mar\u00e7o.<\/p>\n\n\n\n<p>A aplica\u00e7\u00e3o do reajuste, no entanto, n\u00e3o \u00e9 autom\u00e1tica e nem imediata. As farm\u00e1cias podem, por exemplo, reajustar de uma vez ou dividir repasse ao longo do ano.\u00a0Os pre\u00e7os tamb\u00e9m\u00a0podem sofrer altera\u00e7\u00f5es a depender, dentre outros fatores, da concorr\u00eancia entre as empresas do setor.\u00a0<\/p>\n\n\n\n<figure class=\"wp-block-image size-full\"><img loading=\"lazy\" decoding=\"async\" width=\"680\" height=\"375\" src=\"https:\/\/blogdorogeriogomes.com.br\/noticias\/wp-content\/uploads\/2024\/04\/825c4bc4-2129-48eb-b80e-ee0224295ffc-680x375-1.jpg\" alt=\"\" class=\"wp-image-32157\" srcset=\"https:\/\/blogdorogeriogomes.com.br\/noticias\/wp-content\/uploads\/2024\/04\/825c4bc4-2129-48eb-b80e-ee0224295ffc-680x375-1.jpg 680w, https:\/\/blogdorogeriogomes.com.br\/noticias\/wp-content\/uploads\/2024\/04\/825c4bc4-2129-48eb-b80e-ee0224295ffc-680x375-1-300x165.jpg 300w\" sizes=\"auto, (max-width: 680px) 100vw, 680px\" \/><\/figure>\n","protected":false},"excerpt":{"rendered":"<p>Os rem\u00e9dios nas farm\u00e1cias ficam mais caros, a partir desta segunda-feira, dia 1\u00ba de abril. Entra em vigor o novo teto de reajuste dos medicamentos, que neste ano ficou em 4,5%. O percentual, o menor desde 2020, foi definido pela C\u00e2mara de Regula\u00e7\u00e3o do Mercado de Medicamentos e publicado no Di\u00e1rio Oficial da Uni\u00e3o (DOU) da \u00faltima quinta-feira, dia 28 de mar\u00e7o. A aplica\u00e7\u00e3o do reajuste, no entanto, n\u00e3o \u00e9 autom\u00e1tica e nem imediata. As farm\u00e1cias podem, por exemplo,&hellip;<\/p>\n","protected":false},"author":1,"featured_media":32157,"comment_status":"open","ping_status":"open","sticky":false,"template":"","format":"standard","meta":{"footnotes":""},"categories":[1],"tags":[],"class_list":["post-32156","post","type-post","status-publish","format-standard","has-post-thumbnail","hentry","category-noticias"],"_links":{"self":[{"href":"https:\/\/blogdorogeriogomes.com.br\/noticias\/wp-json\/wp\/v2\/posts\/32156","targetHints":{"allow":["GET"]}}],"collection":[{"href":"https:\/\/blogdorogeriogomes.com.br\/noticias\/wp-json\/wp\/v2\/posts"}],"about":[{"href":"https:\/\/blogdorogeriogomes.com.br\/noticias\/wp-json\/wp\/v2\/types\/post"}],"author":[{"embeddable":true,"href":"https:\/\/blogdorogeriogomes.com.br\/noticias\/wp-json\/wp\/v2\/users\/1"}],"replies":[{"embeddable":true,"href":"https:\/\/blogdorogeriogomes.com.br\/noticias\/wp-json\/wp\/v2\/comments?post=32156"}],"version-history":[{"count":1,"href":"https:\/\/blogdorogeriogomes.com.br\/noticias\/wp-json\/wp\/v2\/posts\/32156\/revisions"}],"predecessor-version":[{"id":32158,"href":"https:\/\/blogdorogeriogomes.com.br\/noticias\/wp-json\/wp\/v2\/posts\/32156\/revisions\/32158"}],"wp:featuredmedia":[{"embeddable":true,"href":"https:\/\/blogdorogeriogomes.com.br\/noticias\/wp-json\/wp\/v2\/media\/32157"}],"wp:attachment":[{"href":"https:\/\/blogdorogeriogomes.com.br\/noticias\/wp-json\/wp\/v2\/media?parent=32156"}],"wp:term":[{"taxonomy":"category","embeddable":true,"href":"https:\/\/blogdorogeriogomes.com.br\/noticias\/wp-json\/wp\/v2\/categories?post=32156"},{"taxonomy":"post_tag","embeddable":true,"href":"https:\/\/blogdorogeriogomes.com.br\/noticias\/wp-json\/wp\/v2\/tags?post=32156"}],"curies":[{"name":"wp","href":"https:\/\/api.w.org\/{rel}","templated":true}]}}