{"id":32162,"date":"2024-04-01T20:44:09","date_gmt":"2024-04-01T20:44:09","guid":{"rendered":"https:\/\/blogdorogeriogomes.com.br\/noticias\/?p=32162"},"modified":"2024-04-01T20:44:10","modified_gmt":"2024-04-01T20:44:10","slug":"prefeitura-de-fortaleza-encaminha-reajuste-do-servidor-municipal-de-462-para-camara-dos-vereadores","status":"publish","type":"post","link":"https:\/\/blogdorogeriogomes.com.br\/noticias\/2024\/04\/prefeitura-de-fortaleza-encaminha-reajuste-do-servidor-municipal-de-462-para-camara-dos-vereadores\/","title":{"rendered":"Prefeitura de Fortaleza encaminha reajuste do servidor municipal de 4,62% para C\u00e2mara dos Vereadores"},"content":{"rendered":"\n<p>A Prefeitura de Fortaleza dar\u00e1 reajuste de 4,62% para o servidor municipal, percentual equivalente ao \u00cdndice Nacional de Pre\u00e7os ao Consumidor Amplo (IPCA), que garante a reposi\u00e7\u00e3o da infla\u00e7\u00e3o do ano anterior. O Projeto de Lei foi enviado para a C\u00e2mara Municipal nesta segunda-feira, dia 1\u00b0 de abril, e deve ser implantado a partir da folha de abril, paga em maio, com reajuste de 3,62%, inicialmente, mas retroativo a janeiro e completando os 4,62% a partir da folha de junho. O impacto anual projetado \u00e9 de R$ 215 milh\u00f5es.<\/p>\n\n\n\n<p>A Prefeitura da Capital tamb\u00e9m reajustou o vale alimenta\u00e7\u00e3o de R$ 15 para R$ 16,20, um acr\u00e9scimo de 8%, e aumentou o teto para recebimento do aux\u00edlio refei\u00e7\u00e3o, de R$ 6 mil para R$ 8.200, beneficiando mais de 12 mil servidores. O impacto da medida \u00e9 de mais R$ 6,7 milh\u00f5es por ano.<\/p>\n\n\n\n<figure class=\"wp-block-image size-full\"><img loading=\"lazy\" decoding=\"async\" width=\"720\" height=\"426\" src=\"https:\/\/blogdorogeriogomes.com.br\/noticias\/wp-content\/uploads\/2024\/04\/images-49.jpeg\" alt=\"\" class=\"wp-image-32163\" srcset=\"https:\/\/blogdorogeriogomes.com.br\/noticias\/wp-content\/uploads\/2024\/04\/images-49.jpeg 720w, https:\/\/blogdorogeriogomes.com.br\/noticias\/wp-content\/uploads\/2024\/04\/images-49-300x178.jpeg 300w\" sizes=\"auto, (max-width: 720px) 100vw, 720px\" \/><\/figure>\n","protected":false},"excerpt":{"rendered":"<p>A Prefeitura de Fortaleza dar\u00e1 reajuste de 4,62% para o servidor municipal, percentual equivalente ao \u00cdndice Nacional de Pre\u00e7os ao Consumidor Amplo (IPCA), que garante a reposi\u00e7\u00e3o da infla\u00e7\u00e3o do ano anterior. O Projeto de Lei foi enviado para a C\u00e2mara Municipal nesta segunda-feira, dia 1\u00b0 de abril, e deve ser implantado a partir da folha de abril, paga em maio, com reajuste de 3,62%, inicialmente, mas retroativo a janeiro e completando os 4,62% a partir da folha de&hellip;<\/p>\n","protected":false},"author":1,"featured_media":32163,"comment_status":"open","ping_status":"open","sticky":false,"template":"","format":"standard","meta":{"footnotes":""},"categories":[1],"tags":[],"class_list":["post-32162","post","type-post","status-publish","format-standard","has-post-thumbnail","hentry","category-noticias"],"_links":{"self":[{"href":"https:\/\/blogdorogeriogomes.com.br\/noticias\/wp-json\/wp\/v2\/posts\/32162","targetHints":{"allow":["GET"]}}],"collection":[{"href":"https:\/\/blogdorogeriogomes.com.br\/noticias\/wp-json\/wp\/v2\/posts"}],"about":[{"href":"https:\/\/blogdorogeriogomes.com.br\/noticias\/wp-json\/wp\/v2\/types\/post"}],"author":[{"embeddable":true,"href":"https:\/\/blogdorogeriogomes.com.br\/noticias\/wp-json\/wp\/v2\/users\/1"}],"replies":[{"embeddable":true,"href":"https:\/\/blogdorogeriogomes.com.br\/noticias\/wp-json\/wp\/v2\/comments?post=32162"}],"version-history":[{"count":1,"href":"https:\/\/blogdorogeriogomes.com.br\/noticias\/wp-json\/wp\/v2\/posts\/32162\/revisions"}],"predecessor-version":[{"id":32164,"href":"https:\/\/blogdorogeriogomes.com.br\/noticias\/wp-json\/wp\/v2\/posts\/32162\/revisions\/32164"}],"wp:featuredmedia":[{"embeddable":true,"href":"https:\/\/blogdorogeriogomes.com.br\/noticias\/wp-json\/wp\/v2\/media\/32163"}],"wp:attachment":[{"href":"https:\/\/blogdorogeriogomes.com.br\/noticias\/wp-json\/wp\/v2\/media?parent=32162"}],"wp:term":[{"taxonomy":"category","embeddable":true,"href":"https:\/\/blogdorogeriogomes.com.br\/noticias\/wp-json\/wp\/v2\/categories?post=32162"},{"taxonomy":"post_tag","embeddable":true,"href":"https:\/\/blogdorogeriogomes.com.br\/noticias\/wp-json\/wp\/v2\/tags?post=32162"}],"curies":[{"name":"wp","href":"https:\/\/api.w.org\/{rel}","templated":true}]}}