{"id":32168,"date":"2024-04-02T10:00:49","date_gmt":"2024-04-02T10:00:49","guid":{"rendered":"https:\/\/blogdorogeriogomes.com.br\/noticias\/?p=32168"},"modified":"2024-04-02T10:00:49","modified_gmt":"2024-04-02T10:00:49","slug":"ferramenta-meu-celular-vai-auxiliar-na-recuperacao-de-celulares-roubados-furtados-e-perdidos","status":"publish","type":"post","link":"https:\/\/blogdorogeriogomes.com.br\/noticias\/2024\/04\/ferramenta-meu-celular-vai-auxiliar-na-recuperacao-de-celulares-roubados-furtados-e-perdidos\/","title":{"rendered":"Ferramenta Meu Celular vai auxiliar na recupera\u00e7\u00e3o de celulares roubados, furtados e perdidos"},"content":{"rendered":"\n<p>O governador do Cear\u00e1, Elmano de Freitas, participa do lan\u00e7amento da ferramenta Meu Celular, que vai auxiliar as For\u00e7as de Seguran\u00e7a do Estado na recupera\u00e7\u00e3o de aparelhos celulares roubados, furtados e perdidos. A solenidade aconteceu nesta ter\u00e7a-feira, dia 2 de abril, na sede da Secretaria da Seguran\u00e7a P\u00fablica e Defesa Social (SSPDS), no Centro Integrado de Seguran\u00e7a P\u00fablica (Cisp), em Fortaleza.<\/p>\n\n\n\n<p>O Meu Celular foi desenvolvido pelo Governo do Cear\u00e1 e conta com a parceria de operadoras de telefonia celular com atua\u00e7\u00e3o no estado, Tribunal de Justi\u00e7a do Cear\u00e1 e Minist\u00e9rio P\u00fablico do Cear\u00e1.<\/p>\n\n\n\n<figure class=\"wp-block-image size-full\"><img loading=\"lazy\" decoding=\"async\" width=\"640\" height=\"360\" src=\"https:\/\/blogdorogeriogomes.com.br\/noticias\/wp-content\/uploads\/2024\/04\/images-50.jpeg\" alt=\"\" class=\"wp-image-32169\" srcset=\"https:\/\/blogdorogeriogomes.com.br\/noticias\/wp-content\/uploads\/2024\/04\/images-50.jpeg 640w, https:\/\/blogdorogeriogomes.com.br\/noticias\/wp-content\/uploads\/2024\/04\/images-50-300x169.jpeg 300w\" sizes=\"auto, (max-width: 640px) 100vw, 640px\" \/><\/figure>\n","protected":false},"excerpt":{"rendered":"<p>O governador do Cear\u00e1, Elmano de Freitas, participa do lan\u00e7amento da ferramenta Meu Celular, que vai auxiliar as For\u00e7as de Seguran\u00e7a do Estado na recupera\u00e7\u00e3o de aparelhos celulares roubados, furtados e perdidos. A solenidade aconteceu nesta ter\u00e7a-feira, dia 2 de abril, na sede da Secretaria da Seguran\u00e7a P\u00fablica e Defesa Social (SSPDS), no Centro Integrado de Seguran\u00e7a P\u00fablica (Cisp), em Fortaleza. O Meu Celular foi desenvolvido pelo Governo do Cear\u00e1 e conta com a parceria de operadoras de telefonia&hellip;<\/p>\n","protected":false},"author":1,"featured_media":32169,"comment_status":"open","ping_status":"open","sticky":false,"template":"","format":"standard","meta":{"footnotes":""},"categories":[1],"tags":[],"class_list":["post-32168","post","type-post","status-publish","format-standard","has-post-thumbnail","hentry","category-noticias"],"_links":{"self":[{"href":"https:\/\/blogdorogeriogomes.com.br\/noticias\/wp-json\/wp\/v2\/posts\/32168","targetHints":{"allow":["GET"]}}],"collection":[{"href":"https:\/\/blogdorogeriogomes.com.br\/noticias\/wp-json\/wp\/v2\/posts"}],"about":[{"href":"https:\/\/blogdorogeriogomes.com.br\/noticias\/wp-json\/wp\/v2\/types\/post"}],"author":[{"embeddable":true,"href":"https:\/\/blogdorogeriogomes.com.br\/noticias\/wp-json\/wp\/v2\/users\/1"}],"replies":[{"embeddable":true,"href":"https:\/\/blogdorogeriogomes.com.br\/noticias\/wp-json\/wp\/v2\/comments?post=32168"}],"version-history":[{"count":1,"href":"https:\/\/blogdorogeriogomes.com.br\/noticias\/wp-json\/wp\/v2\/posts\/32168\/revisions"}],"predecessor-version":[{"id":32170,"href":"https:\/\/blogdorogeriogomes.com.br\/noticias\/wp-json\/wp\/v2\/posts\/32168\/revisions\/32170"}],"wp:featuredmedia":[{"embeddable":true,"href":"https:\/\/blogdorogeriogomes.com.br\/noticias\/wp-json\/wp\/v2\/media\/32169"}],"wp:attachment":[{"href":"https:\/\/blogdorogeriogomes.com.br\/noticias\/wp-json\/wp\/v2\/media?parent=32168"}],"wp:term":[{"taxonomy":"category","embeddable":true,"href":"https:\/\/blogdorogeriogomes.com.br\/noticias\/wp-json\/wp\/v2\/categories?post=32168"},{"taxonomy":"post_tag","embeddable":true,"href":"https:\/\/blogdorogeriogomes.com.br\/noticias\/wp-json\/wp\/v2\/tags?post=32168"}],"curies":[{"name":"wp","href":"https:\/\/api.w.org\/{rel}","templated":true}]}}