{"id":32174,"date":"2024-04-02T10:52:37","date_gmt":"2024-04-02T10:52:37","guid":{"rendered":"https:\/\/blogdorogeriogomes.com.br\/noticias\/?p=32174"},"modified":"2024-04-02T10:52:38","modified_gmt":"2024-04-02T10:52:38","slug":"pre-candidatos-do-pt-intensificam-campanha-para-conquistar-delegados-no-encontro-municipal-que-ira-indicar-nome-para-disputa-das-eleicoes-em-fortaleza","status":"publish","type":"post","link":"https:\/\/blogdorogeriogomes.com.br\/noticias\/2024\/04\/pre-candidatos-do-pt-intensificam-campanha-para-conquistar-delegados-no-encontro-municipal-que-ira-indicar-nome-para-disputa-das-eleicoes-em-fortaleza\/","title":{"rendered":"Pr\u00e9-candidatos do PT intensificam campanha para conquistar delegados no encontro municipal que ir\u00e1 indicar nome para disputa das elei\u00e7\u00f5es em Fortaleza"},"content":{"rendered":"\n<p>Os pr\u00e9-candidatos do PT intensificam a campanha interna no partido para conquistar delegados que ir\u00e3o definir no encontro municipal quem ser\u00e1 o nome que vai disputar as elei\u00e7\u00f5es para prefeito em Fortaleza. Est\u00e3o no p\u00e1reo o secret\u00e1rio estadual Artur Bruno, os deputados estaduais Evandro Leit\u00e3o, Guilherme Sampaio e Larissa Gaspar, al\u00e9m da deputada federal Luizianne Lins.<\/p>\n\n\n\n<p>O PT de Fortaleza realiza encontro no dia 21 de abril para decidir a candidatura \u00e0 Prefeitura de Fortaleza. No pr\u00f3ximo domingo, dia 7, ser\u00e3o eleitos os delegados, que ter\u00e3o direito a voto no encontro decisivo. Sete\u00a0chapas foram inscritas e poder\u00e3o receber votos dos filiados no dia 7 de abril.<\/p>\n\n\n\n<figure class=\"wp-block-image size-full\"><img loading=\"lazy\" decoding=\"async\" width=\"678\" height=\"452\" src=\"https:\/\/blogdorogeriogomes.com.br\/noticias\/wp-content\/uploads\/2024\/04\/images-51.jpeg\" alt=\"\" class=\"wp-image-32175\" srcset=\"https:\/\/blogdorogeriogomes.com.br\/noticias\/wp-content\/uploads\/2024\/04\/images-51.jpeg 678w, https:\/\/blogdorogeriogomes.com.br\/noticias\/wp-content\/uploads\/2024\/04\/images-51-300x200.jpeg 300w\" sizes=\"auto, (max-width: 678px) 100vw, 678px\" \/><\/figure>\n","protected":false},"excerpt":{"rendered":"<p>Os pr\u00e9-candidatos do PT intensificam a campanha interna no partido para conquistar delegados que ir\u00e3o definir no encontro municipal quem ser\u00e1 o nome que vai disputar as elei\u00e7\u00f5es para prefeito em Fortaleza. Est\u00e3o no p\u00e1reo o secret\u00e1rio estadual Artur Bruno, os deputados estaduais Evandro Leit\u00e3o, Guilherme Sampaio e Larissa Gaspar, al\u00e9m da deputada federal Luizianne Lins. O PT de Fortaleza realiza encontro no dia 21 de abril para decidir a candidatura \u00e0 Prefeitura de Fortaleza. No pr\u00f3ximo domingo, dia&hellip;<\/p>\n","protected":false},"author":1,"featured_media":32175,"comment_status":"open","ping_status":"open","sticky":false,"template":"","format":"standard","meta":{"footnotes":""},"categories":[1],"tags":[],"class_list":["post-32174","post","type-post","status-publish","format-standard","has-post-thumbnail","hentry","category-noticias"],"_links":{"self":[{"href":"https:\/\/blogdorogeriogomes.com.br\/noticias\/wp-json\/wp\/v2\/posts\/32174","targetHints":{"allow":["GET"]}}],"collection":[{"href":"https:\/\/blogdorogeriogomes.com.br\/noticias\/wp-json\/wp\/v2\/posts"}],"about":[{"href":"https:\/\/blogdorogeriogomes.com.br\/noticias\/wp-json\/wp\/v2\/types\/post"}],"author":[{"embeddable":true,"href":"https:\/\/blogdorogeriogomes.com.br\/noticias\/wp-json\/wp\/v2\/users\/1"}],"replies":[{"embeddable":true,"href":"https:\/\/blogdorogeriogomes.com.br\/noticias\/wp-json\/wp\/v2\/comments?post=32174"}],"version-history":[{"count":1,"href":"https:\/\/blogdorogeriogomes.com.br\/noticias\/wp-json\/wp\/v2\/posts\/32174\/revisions"}],"predecessor-version":[{"id":32176,"href":"https:\/\/blogdorogeriogomes.com.br\/noticias\/wp-json\/wp\/v2\/posts\/32174\/revisions\/32176"}],"wp:featuredmedia":[{"embeddable":true,"href":"https:\/\/blogdorogeriogomes.com.br\/noticias\/wp-json\/wp\/v2\/media\/32175"}],"wp:attachment":[{"href":"https:\/\/blogdorogeriogomes.com.br\/noticias\/wp-json\/wp\/v2\/media?parent=32174"}],"wp:term":[{"taxonomy":"category","embeddable":true,"href":"https:\/\/blogdorogeriogomes.com.br\/noticias\/wp-json\/wp\/v2\/categories?post=32174"},{"taxonomy":"post_tag","embeddable":true,"href":"https:\/\/blogdorogeriogomes.com.br\/noticias\/wp-json\/wp\/v2\/tags?post=32174"}],"curies":[{"name":"wp","href":"https:\/\/api.w.org\/{rel}","templated":true}]}}